{"id":7714,"date":"2026-08-28T12:59:03","date_gmt":"2026-08-28T10:59:03","guid":{"rendered":"https:\/\/tennis51.fr\/blog\/actualites-tennis\/us-open-2026-dates-francais-en-lice-et-forfait-de-sinner-ce-quil-faut-savoir\/"},"modified":"2026-08-28T12:59:03","modified_gmt":"2026-08-28T10:59:03","slug":"us-open-2026-dates-francais-en-lice-et-forfait-de-sinner-ce-quil-faut-savoir","status":"publish","type":"post","link":"https:\/\/tennis51.fr\/blog\/actualites-tennis\/us-open-2026-dates-francais-en-lice-et-forfait-de-sinner-ce-quil-faut-savoir\/","title":{"rendered":"US Open 2026 : dates, Fran\u00e7ais en lice et forfait de Sinner, ce qu&rsquo;il faut savoir"},"content":{"rendered":"<p><strong>Le tableau principal de l&rsquo;US Open 2026 se joue du dimanche 30 ao\u00fbt au dimanche 13 septembre \u00e0 Flushing Meadows (New York), sans Jannik Sinner, forfait sur blessure au genou droit : Alexander Zverev h\u00e9rite du statut de t\u00eate de s\u00e9rie n\u00b01 et Carlos Alcaraz, tenant du titre, fait figure de grand favori.<\/strong> C\u00f4t\u00e9 fran\u00e7ais, une quinzaine de joueurs et joueuses sont au d\u00e9part, emmen\u00e9s par Arthur Fils et Lo\u00efs Boisson, avec une wild-card pour Ga\u00ebl Monfils.<\/p>\n<div class=\"encart-bref\">\n<p><strong>En bref<\/strong><\/p>\n<ul>\n<li>Tableau principal du <strong>30 ao\u00fbt au 13 septembre 2026<\/strong>, au USTA Billie Jean King National Tennis Center.<\/li>\n<li><strong>Jannik Sinner forfait<\/strong> (genou droit), apr\u00e8s avoir d\u00e9j\u00e0 manqu\u00e9 le Masters 1000 de Cincinnati.<\/li>\n<li><strong>Alexander Zverev t\u00eate de s\u00e9rie n\u00b01<\/strong>, devant Carlos Alcaraz, F\u00e9lix Auger-Aliassime et Novak Djokovic.<\/li>\n<li>Chez les dames, <strong>Aryna Sabalenka<\/strong> vise un troisi\u00e8me titre cons\u00e9cutif \u00e0 New York \u2014 plus personne n&rsquo;y est parvenu depuis Serena Williams (2012-2014).<\/li>\n<\/ul>\n<\/div>\n<h2>Le forfait de Sinner rebat toutes les cartes<\/h2>\n<p>C&rsquo;est le coup de tonnerre de la semaine : <strong>Jannik Sinner ne d\u00e9fendra pas ses chances \u00e0 New York<\/strong>. Le num\u00e9ro 1 mondial souffre toujours du <strong>genou droit<\/strong>, la m\u00eame blessure qui l&rsquo;avait d\u00e9j\u00e0 priv\u00e9 du tournoi de Cincinnati quelques semaines plus t\u00f4t. Malgr\u00e9 une reprise de l&rsquo;entra\u00eenement, l&rsquo;Italien a estim\u00e9 qu&rsquo;il lui fallait encore du temps pour se soigner.<\/p>\n<p>D\u00e9tail cruel pour les amateurs de rivalit\u00e9s : l&rsquo;annonce est tomb\u00e9e <strong>24 heures \u00e0 peine apr\u00e8s l&rsquo;officialisation du retour \u00e0 la comp\u00e9tition de Carlos Alcaraz<\/strong>, son grand rival et tenant du titre. Le duel que tout le monde attendait n&rsquo;aura donc pas lieu cette ann\u00e9e \u00e0 Flushing Meadows.<\/p>\n<h2>T\u00eates de s\u00e9rie : Zverev n\u00b01, Alcaraz en embuscade<\/h2>\n<p>Cons\u00e9quence directe du forfait : <strong>Alexander Zverev est t\u00eate de s\u00e9rie n\u00b01<\/strong> du tableau masculin. L&rsquo;Allemand devance <strong>Carlos Alcaraz<\/strong> (n\u00b02, tenant du titre), <strong>F\u00e9lix Auger-Aliassime<\/strong> (n\u00b03) et <strong>Novak Djokovic<\/strong> (n\u00b04), toujours en qu\u00eate d&rsquo;un record en Grand Chelem \u00e0 bient\u00f4t 40 ans.<\/p>\n<p>Chez les dames, <strong>Aryna Sabalenka<\/strong>, num\u00e9ro 1 mondiale et double tenante du titre, part avec un objectif historique : <strong>devenir la premi\u00e8re joueuse \u00e0 gagner trois US Open d&rsquo;affil\u00e9e depuis Serena Williams<\/strong> entre 2012 et 2014.<\/p>\n<h2>Les Fran\u00e7ais en lice : une armada c\u00f4t\u00e9 hommes<\/h2>\n<p>La France pr\u00e9sente l&rsquo;un de ses plus gros contingents de ces derni\u00e8res ann\u00e9es : <strong>une quinzaine de repr\u00e9sentants dans le tableau masculin<\/strong>, dont <strong>Arthur Fils, Arthur Rinderknech, Ugo Humbert, Corentin Moutet, Adrian Mannarino, T\u00e9rence Atmane, Valentin Royer, Luca Van Assche, Quentin Halys, Giovanni Mpetshi Perricard et Benjamin Bonzi<\/strong>, admis directement. <strong>Ga\u00ebl Monfils<\/strong>, lui, b\u00e9n\u00e9ficie d&rsquo;une wild-card de la F\u00e9d\u00e9ration fran\u00e7aise de tennis pour ce qui ressemble \u00e0 une tourn\u00e9e d&rsquo;adieux new-yorkaise.<\/p>\n<p>Chez les dames, <strong>Lo\u00efs Boisson, Diane Parry et Elsa Jacquemot<\/strong> sont directement dans le grand tableau, et <strong>L\u00e9olia Jeanjean<\/strong> compl\u00e8te la d\u00e9l\u00e9gation gr\u00e2ce \u00e0 une invitation. Une douzaine d&rsquo;autres tricolores ont tent\u00e9 leur chance dans les qualifications disput\u00e9es cette semaine.<\/p>\n<h2>Les dates \u00e0 retenir<\/h2>\n<table>\n<thead>\n<tr>\n<th>\u00c9tape<\/th>\n<th>Date<\/th>\n<\/tr>\n<\/thead>\n<tbody>\n<tr>\n<td>D\u00e9but du tableau principal<\/td>\n<td>Dimanche 30 ao\u00fbt<\/td>\n<\/tr>\n<tr>\n<td>Deuxi\u00e8me semaine (8es de finale)<\/td>\n<td>\u00c0 partir du 6 septembre<\/td>\n<\/tr>\n<tr>\n<td>Finale dames<\/td>\n<td>Pr\u00e9vue le samedi 12 septembre<\/td>\n<\/tr>\n<tr>\n<td>Finale messieurs<\/td>\n<td>Dimanche 13 septembre<\/td>\n<\/tr>\n<\/tbody>\n<\/table>\n<p>Et pour vous, concr\u00e8tement ? New York a <strong>6 heures de retard sur la France<\/strong> : les sessions de jour d\u00e9marrent en fin d&rsquo;apr\u00e8s-midi heure fran\u00e7aise, et les night sessions se suivent apr\u00e8s 1 heure du matin. Pr\u00e9voyez le caf\u00e9 pour les grandes affiches.<\/p>\n<blockquote>\n<p>Sans Sinner, c&rsquo;est tout le bas du tableau qui respire \u2014 mais un US Open sans le n\u00b01 mondial reste une anomalie que Zverev, Alcaraz et Djokovic vont se disputer \u00e2prement.<\/p>\n<\/blockquote>\n<h2>FAQ<\/h2>\n<details>\n<summary>Quand commence l&rsquo;US Open 2026 ?<\/summary>\n<p>Le tableau principal d\u00e9bute le dimanche 30 ao\u00fbt 2026 et s&rsquo;ach\u00e8ve le 13 septembre, \u00e0 Flushing Meadows (New York).<\/p>\n<\/details>\n<details>\n<summary>Pourquoi Jannik Sinner est-il absent ?<\/summary>\n<p>Le num\u00e9ro 1 mondial a d\u00e9clar\u00e9 forfait \u00e0 cause d&rsquo;une blessure au genou droit, la m\u00eame qui l&rsquo;avait priv\u00e9 du tournoi de Cincinnati. Alexander Zverev le remplace comme t\u00eate de s\u00e9rie n\u00b01.<\/p>\n<\/details>\n<details>\n<summary>Combien de Fran\u00e7ais participent au tournoi ?<\/summary>\n<p>Une quinzaine d&rsquo;hommes, dont Arthur Fils, Ugo Humbert et Ga\u00ebl Monfils (wild-card), et quatre femmes : Lo\u00efs Boisson, Diane Parry, Elsa Jacquemot et L\u00e9olia Jeanjean.<\/p>\n<\/details>\n<h2>\u00c0 retenir<\/h2>\n<p>Un US Open <strong>sans son n\u00b01 mondial<\/strong>, un tenant du titre lanc\u00e9, une Sabalenka en chasse d&rsquo;un tripl\u00e9 historique et un record de Fran\u00e7ais au d\u00e9part : l&rsquo;\u00e9dition 2026 d\u00e9marre ce dimanche 30 ao\u00fbt avec plus d&rsquo;inconnues qu&rsquo;aucun Grand Chelem cette saison.<\/p>\n<p><em>Sources : <a href=\"https:\/\/www.tennismajors.com\/fr\/us-open-news\/jannik-sinner-forfait-pour-lus-open-2026-en-raison-dune-blessure-au-genou-803244.html\" rel=\"nofollow\">Tennis Majors<\/a>, <a href=\"https:\/\/www.universtennis.com\/2026\/08\/27\/us-open-les-32-tetes-de-serie-du-tableau-masculin\/\" rel=\"nofollow\">Univers Tennis<\/a>, <a href=\"https:\/\/www.flashscore.fr\/actualites\/us-open-tout-ce-qu-il-faut-savoir-sur-le-dernier-grand-chelem-de-la-saison\/IsAyL1Zo\/\" rel=\"nofollow\">Flashscore<\/a>.<\/em><\/p>\n<p><script type=\"application\/ld+json\">{\"@context\":\"https:\/\/schema.org\",\"@type\":\"FAQPage\",\"mainEntity\":[{\"@type\":\"Question\",\"name\":\"Quand commence l'US Open 2026 ?\",\"acceptedAnswer\":{\"@type\":\"Answer\",\"text\":\"Le tableau principal d\u00e9bute le dimanche 30 ao\u00fbt 2026 et s'ach\u00e8ve le 13 septembre, \u00e0 Flushing Meadows (New York).\"}},{\"@type\":\"Question\",\"name\":\"Pourquoi Jannik Sinner est-il absent ?\",\"acceptedAnswer\":{\"@type\":\"Answer\",\"text\":\"Le num\u00e9ro 1 mondial a d\u00e9clar\u00e9 forfait \u00e0 cause d'une blessure au genou droit, la m\u00eame qui l'avait priv\u00e9 du tournoi de Cincinnati. Alexander Zverev le remplace comme t\u00eate de s\u00e9rie n\u00b01.\"}},{\"@type\":\"Question\",\"name\":\"Combien de Fran\u00e7ais participent au tournoi ?\",\"acceptedAnswer\":{\"@type\":\"Answer\",\"text\":\"Une quinzaine d'hommes, dont Arthur Fils, Ugo Humbert et Ga\u00ebl Monfils (wild-card), et quatre femmes : Lo\u00efs Boisson, Diane Parry, Elsa Jacquemot et L\u00e9olia Jeanjean.\"}}]}<\/script><\/p>\n","protected":false},"excerpt":{"rendered":"","protected":false},"author":41,"featured_media":7715,"comment_status":"open","ping_status":"open","sticky":false,"template":"","format":"standard","meta":{"_acf_changed":false,"manual_indexmenow":false,"indexmenow_id_project":0,"footnotes":""},"categories":[4520],"tags":[],"class_list":["post-7714","post","type-post","status-publish","format-standard","has-post-thumbnail","hentry","category-actualites-tennis","generate-columns","tablet-grid-50","mobile-grid-100","grid-parent","grid-25"],"acf":[],"yoast_head":"<!-- This site is optimized with the Yoast SEO Premium plugin v21.3 (Yoast SEO v26.5) - https:\/\/yoast.com\/wordpress\/plugins\/seo\/ -->\n<title>US Open 2026 : dates, Fran\u00e7ais en lice, forfait de Sinner<\/title>\n<meta name=\"description\" content=\"Tableau principal du 30 ao\u00fbt au 13 septembre : forfait de Sinner (genou), Zverev n\u00b01, Alcaraz tenant du titre et une quinzaine de Fran\u00e7ais en lice \u00e0 New York.\" \/>\n<meta name=\"robots\" content=\"index, follow, max-snippet:-1, max-image-preview:large, max-video-preview:-1\" \/>\n<link rel=\"canonical\" href=\"https:\/\/tennis51.fr\/blog\/actualites-tennis\/us-open-2026-dates-francais-en-lice-et-forfait-de-sinner-ce-quil-faut-savoir\/\" \/>\n<meta property=\"og:locale\" content=\"fr_FR\" \/>\n<meta property=\"og:type\" content=\"article\" \/>\n<meta property=\"og:title\" content=\"US Open 2026 : dates, Fran\u00e7ais en lice, forfait de Sinner\" \/>\n<meta property=\"og:description\" content=\"Tableau principal du 30 ao\u00fbt au 13 septembre : forfait de Sinner (genou), Zverev n\u00b01, Alcaraz tenant du titre et une quinzaine de Fran\u00e7ais en lice \u00e0 New York.\" \/>\n<meta property=\"og:url\" content=\"https:\/\/tennis51.fr\/blog\/actualites-tennis\/us-open-2026-dates-francais-en-lice-et-forfait-de-sinner-ce-quil-faut-savoir\/\" \/>\n<meta property=\"og:site_name\" content=\"tennis51\" \/>\n<meta name=\"author\" content=\"Antoine Bernard\" \/>\n<meta name=\"twitter:card\" content=\"summary_large_image\" \/>\n<script type=\"application\/ld+json\" class=\"yoast-schema-graph\">{\"@context\":\"https:\/\/schema.org\",\"@graph\":[{\"@type\":\"NewsArticle\",\"@id\":\"https:\/\/tennis51.fr\/blog\/actualites-tennis\/us-open-2026-dates-francais-en-lice-et-forfait-de-sinner-ce-quil-faut-savoir\/#article\",\"isPartOf\":{\"@id\":\"https:\/\/tennis51.fr\/blog\/actualites-tennis\/us-open-2026-dates-francais-en-lice-et-forfait-de-sinner-ce-quil-faut-savoir\/\"},\"author\":{\"name\":\"Antoine Bernard\",\"@id\":\"https:\/\/tennis51.fr\/blog\/#\/schema\/person\/44426045f6d04c1519cfa471757b400f\"},\"headline\":\"US Open 2026 : dates, Fran\u00e7ais en lice et forfait de Sinner, ce qu&rsquo;il faut savoir\",\"datePublished\":\"2026-08-28T10:59:03+00:00\",\"mainEntityOfPage\":{\"@id\":\"https:\/\/tennis51.fr\/blog\/actualites-tennis\/us-open-2026-dates-francais-en-lice-et-forfait-de-sinner-ce-quil-faut-savoir\/\"},\"wordCount\":800,\"commentCount\":2,\"publisher\":{\"@id\":\"https:\/\/tennis51.fr\/blog\/#organization\"},\"image\":{\"@id\":\"https:\/\/tennis51.fr\/blog\/actualites-tennis\/us-open-2026-dates-francais-en-lice-et-forfait-de-sinner-ce-quil-faut-savoir\/#primaryimage\"},\"thumbnailUrl\":\"https:\/\/tennis51.fr\/blog\/wp-content\/uploads\/2026\/08\/img7714-scaled.jpg\",\"articleSection\":[\"Actualit\u00e9s Tennis\"],\"inLanguage\":\"fr-FR\",\"potentialAction\":[{\"@type\":\"CommentAction\",\"name\":\"Comment\",\"target\":[\"https:\/\/tennis51.fr\/blog\/actualites-tennis\/us-open-2026-dates-francais-en-lice-et-forfait-de-sinner-ce-quil-faut-savoir\/#respond\"]}]},{\"@type\":\"WebPage\",\"@id\":\"https:\/\/tennis51.fr\/blog\/actualites-tennis\/us-open-2026-dates-francais-en-lice-et-forfait-de-sinner-ce-quil-faut-savoir\/\",\"url\":\"https:\/\/tennis51.fr\/blog\/actualites-tennis\/us-open-2026-dates-francais-en-lice-et-forfait-de-sinner-ce-quil-faut-savoir\/\",\"name\":\"US Open 2026 : dates, Fran\u00e7ais en lice, forfait de Sinner\",\"isPartOf\":{\"@id\":\"https:\/\/tennis51.fr\/blog\/#website\"},\"primaryImageOfPage\":{\"@id\":\"https:\/\/tennis51.fr\/blog\/actualites-tennis\/us-open-2026-dates-francais-en-lice-et-forfait-de-sinner-ce-quil-faut-savoir\/#primaryimage\"},\"image\":{\"@id\":\"https:\/\/tennis51.fr\/blog\/actualites-tennis\/us-open-2026-dates-francais-en-lice-et-forfait-de-sinner-ce-quil-faut-savoir\/#primaryimage\"},\"thumbnailUrl\":\"https:\/\/tennis51.fr\/blog\/wp-content\/uploads\/2026\/08\/img7714-scaled.jpg\",\"datePublished\":\"2026-08-28T10:59:03+00:00\",\"description\":\"Tableau principal du 30 ao\u00fbt au 13 septembre : forfait de Sinner (genou), Zverev n\u00b01, Alcaraz tenant du titre et une quinzaine de Fran\u00e7ais en lice \u00e0 New York.\",\"inLanguage\":\"fr-FR\",\"potentialAction\":[{\"@type\":\"ReadAction\",\"target\":[\"https:\/\/tennis51.fr\/blog\/actualites-tennis\/us-open-2026-dates-francais-en-lice-et-forfait-de-sinner-ce-quil-faut-savoir\/\"]}]},{\"@type\":\"ImageObject\",\"inLanguage\":\"fr-FR\",\"@id\":\"https:\/\/tennis51.fr\/blog\/actualites-tennis\/us-open-2026-dates-francais-en-lice-et-forfait-de-sinner-ce-quil-faut-savoir\/#primaryimage\",\"url\":\"https:\/\/tennis51.fr\/blog\/wp-content\/uploads\/2026\/08\/img7714-scaled.jpg\",\"contentUrl\":\"https:\/\/tennis51.fr\/blog\/wp-content\/uploads\/2026\/08\/img7714-scaled.jpg\",\"width\":1200,\"height\":675},{\"@type\":\"WebSite\",\"@id\":\"https:\/\/tennis51.fr\/blog\/#website\",\"url\":\"https:\/\/tennis51.fr\/blog\/\",\"name\":\"Tennis 51\",\"description\":\"Tennis 51, le service gagnant sur le court\",\"publisher\":{\"@id\":\"https:\/\/tennis51.fr\/blog\/#organization\"},\"alternateName\":\"Tennis 51, le service gagnant sur le court\",\"potentialAction\":[{\"@type\":\"SearchAction\",\"target\":{\"@type\":\"EntryPoint\",\"urlTemplate\":\"https:\/\/tennis51.fr\/blog\/?s={search_term_string}\"},\"query-input\":{\"@type\":\"PropertyValueSpecification\",\"valueRequired\":true,\"valueName\":\"search_term_string\"}}],\"inLanguage\":\"fr-FR\"},{\"@type\":\"Organization\",\"@id\":\"https:\/\/tennis51.fr\/blog\/#organization\",\"name\":\"Tennis 51\",\"alternateName\":\"Tennis51\",\"url\":\"https:\/\/tennis51.fr\/blog\/\",\"logo\":{\"@type\":\"ImageObject\",\"inLanguage\":\"fr-FR\",\"@id\":\"https:\/\/tennis51.fr\/blog\/#\/schema\/logo\/image\/\",\"url\":\"https:\/\/tennis51.fr\/blog\/wp-content\/uploads\/2024\/12\/40.png\",\"contentUrl\":\"https:\/\/tennis51.fr\/blog\/wp-content\/uploads\/2024\/12\/40.png\",\"width\":500,\"height\":500,\"caption\":\"Tennis 51\"},\"image\":{\"@id\":\"https:\/\/tennis51.fr\/blog\/#\/schema\/logo\/image\/\"}},{\"@type\":\"Person\",\"@id\":\"https:\/\/tennis51.fr\/blog\/#\/schema\/person\/44426045f6d04c1519cfa471757b400f\",\"name\":\"Antoine Bernard\",\"image\":{\"@type\":\"ImageObject\",\"inLanguage\":\"fr-FR\",\"@id\":\"https:\/\/tennis51.fr\/blog\/#\/schema\/person\/image\/\",\"url\":\"https:\/\/secure.gravatar.com\/avatar\/?s=96&d=mm&r=g\",\"contentUrl\":\"https:\/\/secure.gravatar.com\/avatar\/?s=96&d=mm&r=g\",\"caption\":\"Antoine Bernard\"},\"description\":\"Analyste tactique et fan de statistiques, Antoine propose des analyses d\u00e9taill\u00e9es des grands matchs, des styles de jeu et des performances des joueurs du circuit ATP\/WTA.\",\"sameAs\":[\"https:\/\/bernardantoine.fr\/\"],\"url\":\"https:\/\/tennis51.fr\/blog\/auteur\/antoine-bernard\/\",\"jobTitle\":\"Contributeur m\u00e9canique\",\"email\":\"antoine.bernard@autosmythiques57.fr\"}]}<\/script>\n<!-- \/ Yoast SEO Premium plugin. -->","yoast_head_json":{"title":"US Open 2026 : dates, Fran\u00e7ais en lice, forfait de Sinner","description":"Tableau principal du 30 ao\u00fbt au 13 septembre : forfait de Sinner (genou), Zverev n\u00b01, Alcaraz tenant du titre et une quinzaine de Fran\u00e7ais en lice \u00e0 New York.","robots":{"index":"index","follow":"follow","max-snippet":"max-snippet:-1","max-image-preview":"max-image-preview:large","max-video-preview":"max-video-preview:-1"},"canonical":"https:\/\/tennis51.fr\/blog\/actualites-tennis\/us-open-2026-dates-francais-en-lice-et-forfait-de-sinner-ce-quil-faut-savoir\/","og_locale":"fr_FR","og_type":"article","og_title":"US Open 2026 : dates, Fran\u00e7ais en lice, forfait de Sinner","og_description":"Tableau principal du 30 ao\u00fbt au 13 septembre : forfait de Sinner (genou), Zverev n\u00b01, Alcaraz tenant du titre et une quinzaine de Fran\u00e7ais en lice \u00e0 New York.","og_url":"https:\/\/tennis51.fr\/blog\/actualites-tennis\/us-open-2026-dates-francais-en-lice-et-forfait-de-sinner-ce-quil-faut-savoir\/","og_site_name":"tennis51","author":"Antoine Bernard","twitter_card":"summary_large_image","schema":{"@context":"https:\/\/schema.org","@graph":[{"@type":"NewsArticle","@id":"https:\/\/tennis51.fr\/blog\/actualites-tennis\/us-open-2026-dates-francais-en-lice-et-forfait-de-sinner-ce-quil-faut-savoir\/#article","isPartOf":{"@id":"https:\/\/tennis51.fr\/blog\/actualites-tennis\/us-open-2026-dates-francais-en-lice-et-forfait-de-sinner-ce-quil-faut-savoir\/"},"author":{"name":"Antoine Bernard","@id":"https:\/\/tennis51.fr\/blog\/#\/schema\/person\/44426045f6d04c1519cfa471757b400f"},"headline":"US Open 2026 : dates, Fran\u00e7ais en lice et forfait de Sinner, ce qu&rsquo;il faut savoir","datePublished":"2026-08-28T10:59:03+00:00","mainEntityOfPage":{"@id":"https:\/\/tennis51.fr\/blog\/actualites-tennis\/us-open-2026-dates-francais-en-lice-et-forfait-de-sinner-ce-quil-faut-savoir\/"},"wordCount":800,"commentCount":2,"publisher":{"@id":"https:\/\/tennis51.fr\/blog\/#organization"},"image":{"@id":"https:\/\/tennis51.fr\/blog\/actualites-tennis\/us-open-2026-dates-francais-en-lice-et-forfait-de-sinner-ce-quil-faut-savoir\/#primaryimage"},"thumbnailUrl":"https:\/\/tennis51.fr\/blog\/wp-content\/uploads\/2026\/08\/img7714-scaled.jpg","articleSection":["Actualit\u00e9s Tennis"],"inLanguage":"fr-FR","potentialAction":[{"@type":"CommentAction","name":"Comment","target":["https:\/\/tennis51.fr\/blog\/actualites-tennis\/us-open-2026-dates-francais-en-lice-et-forfait-de-sinner-ce-quil-faut-savoir\/#respond"]}]},{"@type":"WebPage","@id":"https:\/\/tennis51.fr\/blog\/actualites-tennis\/us-open-2026-dates-francais-en-lice-et-forfait-de-sinner-ce-quil-faut-savoir\/","url":"https:\/\/tennis51.fr\/blog\/actualites-tennis\/us-open-2026-dates-francais-en-lice-et-forfait-de-sinner-ce-quil-faut-savoir\/","name":"US Open 2026 : dates, Fran\u00e7ais en lice, forfait de Sinner","isPartOf":{"@id":"https:\/\/tennis51.fr\/blog\/#website"},"primaryImageOfPage":{"@id":"https:\/\/tennis51.fr\/blog\/actualites-tennis\/us-open-2026-dates-francais-en-lice-et-forfait-de-sinner-ce-quil-faut-savoir\/#primaryimage"},"image":{"@id":"https:\/\/tennis51.fr\/blog\/actualites-tennis\/us-open-2026-dates-francais-en-lice-et-forfait-de-sinner-ce-quil-faut-savoir\/#primaryimage"},"thumbnailUrl":"https:\/\/tennis51.fr\/blog\/wp-content\/uploads\/2026\/08\/img7714-scaled.jpg","datePublished":"2026-08-28T10:59:03+00:00","description":"Tableau principal du 30 ao\u00fbt au 13 septembre : forfait de Sinner (genou), Zverev n\u00b01, Alcaraz tenant du titre et une quinzaine de Fran\u00e7ais en lice \u00e0 New York.","inLanguage":"fr-FR","potentialAction":[{"@type":"ReadAction","target":["https:\/\/tennis51.fr\/blog\/actualites-tennis\/us-open-2026-dates-francais-en-lice-et-forfait-de-sinner-ce-quil-faut-savoir\/"]}]},{"@type":"ImageObject","inLanguage":"fr-FR","@id":"https:\/\/tennis51.fr\/blog\/actualites-tennis\/us-open-2026-dates-francais-en-lice-et-forfait-de-sinner-ce-quil-faut-savoir\/#primaryimage","url":"https:\/\/tennis51.fr\/blog\/wp-content\/uploads\/2026\/08\/img7714-scaled.jpg","contentUrl":"https:\/\/tennis51.fr\/blog\/wp-content\/uploads\/2026\/08\/img7714-scaled.jpg","width":1200,"height":675},{"@type":"WebSite","@id":"https:\/\/tennis51.fr\/blog\/#website","url":"https:\/\/tennis51.fr\/blog\/","name":"Tennis 51","description":"Tennis 51, le service gagnant sur le court","publisher":{"@id":"https:\/\/tennis51.fr\/blog\/#organization"},"alternateName":"Tennis 51, le service gagnant sur le court","potentialAction":[{"@type":"SearchAction","target":{"@type":"EntryPoint","urlTemplate":"https:\/\/tennis51.fr\/blog\/?s={search_term_string}"},"query-input":{"@type":"PropertyValueSpecification","valueRequired":true,"valueName":"search_term_string"}}],"inLanguage":"fr-FR"},{"@type":"Organization","@id":"https:\/\/tennis51.fr\/blog\/#organization","name":"Tennis 51","alternateName":"Tennis51","url":"https:\/\/tennis51.fr\/blog\/","logo":{"@type":"ImageObject","inLanguage":"fr-FR","@id":"https:\/\/tennis51.fr\/blog\/#\/schema\/logo\/image\/","url":"https:\/\/tennis51.fr\/blog\/wp-content\/uploads\/2024\/12\/40.png","contentUrl":"https:\/\/tennis51.fr\/blog\/wp-content\/uploads\/2024\/12\/40.png","width":500,"height":500,"caption":"Tennis 51"},"image":{"@id":"https:\/\/tennis51.fr\/blog\/#\/schema\/logo\/image\/"}},{"@type":"Person","@id":"https:\/\/tennis51.fr\/blog\/#\/schema\/person\/44426045f6d04c1519cfa471757b400f","name":"Antoine Bernard","image":{"@type":"ImageObject","inLanguage":"fr-FR","@id":"https:\/\/tennis51.fr\/blog\/#\/schema\/person\/image\/","url":"https:\/\/secure.gravatar.com\/avatar\/?s=96&d=mm&r=g","contentUrl":"https:\/\/secure.gravatar.com\/avatar\/?s=96&d=mm&r=g","caption":"Antoine Bernard"},"description":"Analyste tactique et fan de statistiques, Antoine propose des analyses d\u00e9taill\u00e9es des grands matchs, des styles de jeu et des performances des joueurs du circuit ATP\/WTA.","sameAs":["https:\/\/bernardantoine.fr\/"],"url":"https:\/\/tennis51.fr\/blog\/auteur\/antoine-bernard\/","jobTitle":"Contributeur m\u00e9canique","email":"antoine.bernard@autosmythiques57.fr"}]}},"_links":{"self":[{"href":"https:\/\/tennis51.fr\/blog\/wp-json\/wp\/v2\/posts\/7714","targetHints":{"allow":["GET"]}}],"collection":[{"href":"https:\/\/tennis51.fr\/blog\/wp-json\/wp\/v2\/posts"}],"about":[{"href":"https:\/\/tennis51.fr\/blog\/wp-json\/wp\/v2\/types\/post"}],"author":[{"embeddable":true,"href":"https:\/\/tennis51.fr\/blog\/wp-json\/wp\/v2\/users\/41"}],"replies":[{"embeddable":true,"href":"https:\/\/tennis51.fr\/blog\/wp-json\/wp\/v2\/comments?post=7714"}],"version-history":[{"count":0,"href":"https:\/\/tennis51.fr\/blog\/wp-json\/wp\/v2\/posts\/7714\/revisions"}],"wp:featuredmedia":[{"embeddable":true,"href":"https:\/\/tennis51.fr\/blog\/wp-json\/wp\/v2\/media\/7715"}],"wp:attachment":[{"href":"https:\/\/tennis51.fr\/blog\/wp-json\/wp\/v2\/media?parent=7714"}],"wp:term":[{"taxonomy":"category","embeddable":true,"href":"https:\/\/tennis51.fr\/blog\/wp-json\/wp\/v2\/categories?post=7714"},{"taxonomy":"post_tag","embeddable":true,"href":"https:\/\/tennis51.fr\/blog\/wp-json\/wp\/v2\/tags?post=7714"}],"curies":[{"name":"wp","href":"https:\/\/api.w.org\/{rel}","templated":true}]}}