{"id":7699,"date":"2026-07-28T20:28:15","date_gmt":"2026-07-28T18:28:15","guid":{"rendered":"https:\/\/tennis51.fr\/blog\/analyse-des-matchs-et-joueurs\/arthur-fils-ou-en-est-le-n1-francais-en-2026-et-ce-qui-se-joue-a-washington\/"},"modified":"2026-07-28T22:48:04","modified_gmt":"2026-07-28T20:48:04","slug":"arthur-fils-ou-en-est-le-n1-francais-en-2026-et-ce-qui-se-joue-a-washington","status":"publish","type":"post","link":"https:\/\/tennis51.fr\/blog\/analyse-des-matchs-et-joueurs\/arthur-fils-ou-en-est-le-n1-francais-en-2026-et-ce-qui-se-joue-a-washington\/","title":{"rendered":"Arthur Fils : o\u00f9 en est le n\u00b01 fran\u00e7ais en 2026, et ce qui se joue \u00e0 Washington"},"content":{"rendered":"<p><strong>Arthur Fils a \u00e9t\u00e9 \u00e9limin\u00e9 d\u00e8s le premier tour de l&rsquo;ATP 500 de Washington : l&rsquo;Espagnol Rafael J\u00f3dar s&rsquo;est impos\u00e9 7-6, 6-3 ce mardi 28 juillet 2026, apr\u00e8s un temps mort m\u00e9dical pris par le Fran\u00e7ais \u00e0 3-2 dans le deuxi\u00e8me set (score relev\u00e9 le 28\/07\/2026 \u00e0 23h00, heure de Paris).<\/strong> Le num\u00e9ro un fran\u00e7ais, 22e mondial au classement ATP du 27 juillet 2026, d\u00e9marre donc sa tourn\u00e9e am\u00e9ricaine par une sortie de route \u2014 et par une alerte physique \u00e0 un mois de l&rsquo;US Open.<\/p>\n<h2>En bref<\/h2>\n<ul>\n<li><strong>\u00c9limin\u00e9 d&rsquo;entr\u00e9e \u00e0 Washington<\/strong> le 28 juillet 2026 par <strong>Rafael J\u00f3dar<\/strong>, <strong>7-6, 6-3<\/strong>, avec un <strong>temps mort m\u00e9dical<\/strong> \u00e0 3-2 dans le deuxi\u00e8me set et une g\u00eane signal\u00e9e \u00e0 la <strong>hanche<\/strong>.<\/li>\n<li><strong>Arthur Fils<\/strong>, n\u00e9 le 12 juin 2004, est le <strong>meilleur Fran\u00e7ais au classement ATP<\/strong> (22e mondial au 27 juillet 2026). Son meilleur rang en carri\u00e8re reste la <strong>14e place<\/strong>, atteinte le 14 avril 2025.<\/li>\n<li>Sa <strong>saison 2026<\/strong> est coup\u00e9e en deux : de gros r\u00e9sultats (titre \u00e0 l&rsquo;ATP 500 de Barcelone, demi-finales \u00e0 Miami et Madrid, finale \u00e0 Doha) et une <strong>blessure au dos<\/strong> qui lui a fait manquer l&rsquo;Open d&rsquo;Australie et Roland-Garros.<\/li>\n<li>Dans la <strong>Race ATP 2026<\/strong>, il pointait \u00e0 la <strong>10e place avec 1 940 points<\/strong> au 14 juillet, \u00e0 environ <strong>130 points<\/strong> du top 8 qualificatif pour les <strong>Nitto ATP Finals<\/strong> de Turin.<\/li>\n<li>Il n&rsquo;a <strong>quasiment aucun point \u00e0 d\u00e9fendre<\/strong> : cette d\u00e9faite d&rsquo;entr\u00e9e ne lui co\u00fbte donc <strong>aucun point<\/strong> au classement, mais elle ne lui en rapporte aucun non plus. Tout se reporte sur <strong>Montr\u00e9al, Cincinnati et l&rsquo;US Open<\/strong>.<\/li>\n<\/ul>\n<h2>Qui est Arthur Fils ?<\/h2>\n<p>Arthur Fils est n\u00e9 le <strong>12 juin 2004<\/strong>. Il a donc <strong>22 ans<\/strong> en 2026. Droitier, il mesure <strong>1,85 m<\/strong> et occupe depuis 2025 le statut de <strong>num\u00e9ro un fran\u00e7ais<\/strong> en simple.<\/p>\n<p>Son meilleur classement en carri\u00e8re est une <strong>14e place mondiale<\/strong>, atteinte le <strong>14 avril 2025<\/strong>. Au classement ATP du <strong>27 juillet 2026<\/strong>, il est <strong>22e<\/strong>, devant Arthur Rinderknech (28e) et Ugo Humbert (29e).<\/p>\n<p>Fils compte <strong>4 titres ATP<\/strong> en simple :<\/p>\n<ul>\n<li><strong>Lyon 2023<\/strong>, son premier titre, \u00e0 18 ans.<\/li>\n<li><strong>Hambourg 2024<\/strong>, en ATP 500.<\/li>\n<li><strong>Tokyo 2024<\/strong>, \u00e9galement en ATP 500.<\/li>\n<li><strong>Barcelone 2026<\/strong>, un ATP 500 remport\u00e9 en avril 2026.<\/li>\n<\/ul>\n<h2>Sa saison 2026 : tr\u00e8s haut, mais tr\u00e8s hach\u00e9<\/h2>\n<p>La <strong>saison 2026<\/strong> d&rsquo;Arthur Fils est paradoxale : quand il joue, il joue tr\u00e8s bien. Mais son ann\u00e9e est trou\u00e9e par les probl\u00e8mes physiques.<\/p>\n<table>\n<tr>\n<th>Tournoi<\/th>\n<th>Cat\u00e9gorie<\/th>\n<th>Surface<\/th>\n<th>R\u00e9sultat<\/th>\n<th>D\u00e9tail<\/th>\n<\/tr>\n<tr>\n<td>Doha (f\u00e9vrier 2026)<\/td>\n<td>ATP 500<\/td>\n<td>Dur<\/td>\n<td>Finale<\/td>\n<td>Battu par <strong>Carlos Alcaraz<\/strong> 6-2, 6-1<\/td>\n<\/tr>\n<tr>\n<td>Indian Wells 2026<\/td>\n<td>Masters 1000<\/td>\n<td>Dur<\/td>\n<td>Quarts de finale<\/td>\n<td>Premier gros parcours de l&rsquo;ann\u00e9e en Masters 1000<\/td>\n<\/tr>\n<tr>\n<td>Miami 2026<\/td>\n<td>Masters 1000<\/td>\n<td>Dur<\/td>\n<td>Demi-finales<\/td>\n<td>Deuxi\u00e8me dernier carr\u00e9 cons\u00e9cutif sur dur am\u00e9ricain<\/td>\n<\/tr>\n<tr>\n<td>Barcelone (avril 2026)<\/td>\n<td><strong>ATP 500<\/strong><\/td>\n<td>Terre battue<\/td>\n<td><strong>Titre<\/strong><\/td>\n<td>Victoire en finale 6-2, 7-6(2) contre <strong>Andrey Rublev<\/strong><\/td>\n<\/tr>\n<tr>\n<td>Madrid 2026<\/td>\n<td>Masters 1000<\/td>\n<td>Terre battue<\/td>\n<td>Demi-finales<\/td>\n<td>Dernier carr\u00e9 d&rsquo;un Masters 1000<\/td>\n<\/tr>\n<\/table>\n<h3>Une blessure au dos qui a co\u00fbt\u00e9 deux Grands Chelems<\/h3>\n<p>La face cach\u00e9e de ces r\u00e9sultats, c&rsquo;est le dos. Une blessure l&rsquo;a \u00e9cart\u00e9 des courts pendant environ <strong>huit mois<\/strong>, jusqu&rsquo;en <strong>f\u00e9vrier 2026<\/strong> \u2014 d&rsquo;o\u00f9 son retour \u00e0 Doha. Il a ensuite connu une rechute, au point de manquer deux <strong>Grands Chelems<\/strong> en 2026 : l&rsquo;<strong>Open d&rsquo;Australie<\/strong> et <strong>Roland-Garros<\/strong>.<\/p>\n<p>Ce n&rsquo;est qu&rsquo;\u00e0 <strong>Wimbledon<\/strong>, fin juin 2026, qu&rsquo;il retrouve un tableau majeur \u2014 un <a href=\"https:\/\/tennis51.fr\/blog\/actualites-tennis\/wimbledon-2026-sinner-dompte-zverev-en-quatre-sets-et-conserve-sa-cour\/\">tournoi londonien finalement remport\u00e9 par Jannik Sinner<\/a>. Fils, lui, n&rsquo;y marque que <strong>50 points<\/strong>. C&rsquo;est peu, et cela raconte un joueur encore en phase de reprise.<\/p>\n<p>Un rep\u00e8re utile pour situer la trajectoire : il \u00e9tait <strong>repass\u00e9 dans le top 20<\/strong> d\u00e9but mai 2026, juste apr\u00e8s son titre catalan, avant de redescendre l\u00e9g\u00e8rement faute de pouvoir encha\u00eener.<\/p>\n<h2>La Race ATP : le vrai enjeu de sa fin de saison<\/h2>\n<p>Premier r\u00e9flexe \u00e0 avoir : la <strong>Race ATP<\/strong> n&rsquo;est pas le classement ATP. La <strong>Race<\/strong> (litt\u00e9ralement \u00ab la course \u00bb) est un classement qui ne compte <strong>que les points gagn\u00e9s depuis le 1er janvier de l&rsquo;ann\u00e9e en cours<\/strong>. Ses <strong>huit premiers<\/strong> se qualifient pour le Masters de fin d&rsquo;ann\u00e9e, les <strong>Nitto ATP Finals<\/strong>, qui se disputent \u00e0 Turin. Le classement ATP traditionnel, lui, fonctionne sur <strong>52 semaines glissantes<\/strong> et int\u00e8gre donc des points gagn\u00e9s l&rsquo;ann\u00e9e pr\u00e9c\u00e9dente.<\/p>\n<p>Au <strong>14 juillet 2026<\/strong>, Arthur Fils est <strong>10e de la Race avec 1 940 points<\/strong>. Devant lui, Alex de Minaur occupe la 8e place avec <strong>2 070 points<\/strong> et Ben Shelton est 9e avec <strong>2 030 points<\/strong>. L&rsquo;\u00e9cart entre Fils et la derni\u00e8re place qualificative est donc de <strong>130 points<\/strong>. Derri\u00e8re, Tommy Paul est 11e \u00e0 seulement <strong>5 points<\/strong> de lui.<\/p>\n<p>\u00c0 noter : certains m\u00e9dias \u00e9voquent plut\u00f4t une centaine de points d&rsquo;\u00e9cart avec le top 8. Les relev\u00e9s ne sont pas parfaitement align\u00e9s selon les sources et la date exacte du calcul, mais le constat ne bouge pas \u2014 Fils n&rsquo;est ni install\u00e9 dans le top 8, ni d\u00e9croch\u00e9.<\/p>\n<h3>Le d\u00e9tail que les connaisseurs regardent<\/h3>\n<p>Voici l&rsquo;\u00e9l\u00e9ment qui change tout, et qu&rsquo;on lit rarement dans les r\u00e9sum\u00e9s : Fils comptait <strong>1 990 points au classement ATP<\/strong> pour <strong>1 940 points de Race<\/strong> \u00e0 la mi-juillet. Un \u00e9cart de <strong>50 points<\/strong> seulement.<\/p>\n<p>Traduction : la <strong>quasi-totalit\u00e9 de ses points a \u00e9t\u00e9 gagn\u00e9e en 2026<\/strong>. Il ne tra\u00eene presque rien de 2025, et il n&rsquo;a donc <strong>pratiquement aucun point \u00e0 d\u00e9fendre<\/strong> d&rsquo;ici la fin de saison. Pour un joueur de ce niveau, c&rsquo;est rarissime.<\/p>\n<p>Cette particularit\u00e9 vient de changer de sens avec la d\u00e9faite de Washington, et c&rsquo;est l\u00e0 qu&rsquo;il faut \u00eatre pr\u00e9cis. Elle reste une <strong>protection<\/strong> : sortir au premier tour ne lui retire rien, puisqu&rsquo;il n&rsquo;avait aucun r\u00e9sultat 2025 \u00e0 remplacer ici \u2014 son classement ATP ne devrait donc pas bouger \u00e0 cause de ce match. Mais elle n&rsquo;est plus un <strong>avantage<\/strong> : quand on ne d\u00e9fend rien, on ne progresse qu&rsquo;en gagnant, et un premier tour perdu, c&rsquo;est z\u00e9ro point ajout\u00e9. L&rsquo;\u00e9cart de <strong>130 points<\/strong> avec le top 8 de la Race reste donc intact \u2014 sauf que ses concurrents directs, eux, jouent encore cette semaine \u00e0 Washington. Ne rien perdre et ne rien gagner, dans une course, revient \u00e0 reculer.<\/p>\n<h2>Le calendrier d&rsquo;ici l&rsquo;US Open<\/h2>\n<table>\n<tr>\n<th>Tournoi<\/th>\n<th>Cat\u00e9gorie<\/th>\n<th>Dates 2026<\/th>\n<th>Lieu<\/th>\n<th>Surface<\/th>\n<\/tr>\n<tr>\n<td><strong>ATP 500 de Washington<\/strong> (Citi Open)<\/td>\n<td>ATP 500<\/td>\n<td>27 juillet \u2013 2 ao\u00fbt<\/td>\n<td>Washington D.C.<\/td>\n<td>Dur<\/td>\n<\/tr>\n<tr>\n<td><strong>Masters 1000 de Montr\u00e9al<\/strong><\/td>\n<td>Masters 1000<\/td>\n<td>2 \u2013 13 ao\u00fbt<\/td>\n<td>Montr\u00e9al, stade IGA<\/td>\n<td>Dur<\/td>\n<\/tr>\n<tr>\n<td><strong>Masters 1000 de Cincinnati<\/strong><\/td>\n<td>Masters 1000<\/td>\n<td>jusqu&rsquo;au 23 ao\u00fbt<\/td>\n<td>Cincinnati (Ohio)<\/td>\n<td>Dur<\/td>\n<\/tr>\n<tr>\n<td><strong>US Open<\/strong><\/td>\n<td>Grand Chelem<\/td>\n<td>tableau principal \u00e0 partir du 30 ao\u00fbt ; finale le 13 septembre<\/td>\n<td>New York<\/td>\n<td>Dur<\/td>\n<\/tr>\n<\/table>\n<p>Deux pr\u00e9cisions honn\u00eates sur ce tableau. Le <strong>Masters 1000 canadien<\/strong> se joue bien \u00e0 <strong>Montr\u00e9al<\/strong> c\u00f4t\u00e9 masculin en 2026 (le tableau f\u00e9minin, lui, est \u00e0 Toronto) : le tournoi alterne chaque ann\u00e9e entre les deux villes. Et sur l&rsquo;<strong>US Open<\/strong>, les sources divergent d&rsquo;une journ\u00e9e : le tableau principal est annonc\u00e9 au <strong>dimanche 30 ao\u00fbt<\/strong> par l&rsquo;organisation, quand certains m\u00e9dias fran\u00e7ais retiennent le <strong>lundi 31 ao\u00fbt<\/strong>.<\/p>\n<p>Sur l&rsquo;ensemble de cette fin de saison, environ <strong>4 000 points<\/strong> \u00e9taient en jeu au d\u00e9part de la tourn\u00e9e am\u00e9ricaine. C&rsquo;est exactement le volume que Fils a perdu en manquant l&rsquo;Open d&rsquo;Australie et Roland-Garros. Washington \u00e9tait la premi\u00e8re des quatre occasions de le rattraper ; il en reste trois.<\/p>\n<h2>Washington 2026 : Fils battu d&rsquo;entr\u00e9e par Rafael J\u00f3dar<\/h2>\n<p>Arthur Fils \u00e9tait arriv\u00e9 \u00e0 Washington en <strong>t\u00eate de s\u00e9rie num\u00e9ro 8<\/strong> de cet ATP 500, qui se tient du <strong>27 juillet au 2 ao\u00fbt 2026<\/strong> sur dur ext\u00e9rieur. C&rsquo;\u00e9tait le premier vrai test de sa tourn\u00e9e nord-am\u00e9ricaine, dans des conditions typiques du mois d&rsquo;ao\u00fbt am\u00e9ricain : chaleur lourde, rebond rapide, balles qui fusent. Le test a tourn\u00e9 court.<\/p>\n<h3>Premier tour : J\u00f3dar s&rsquo;impose 7-6, 6-3<\/h3>\n<p>Pour son entr\u00e9e en lice, Fils affrontait l&rsquo;Espagnol <strong>Rafael J\u00f3dar<\/strong>, ce <strong>mardi 28 juillet 2026<\/strong> sur le court Grandstand, en soir\u00e9e heure de Paris, avec une diffusion sur <a href=\"https:\/\/www.eurosport.fr\/\" rel=\"nofollow\">Eurosport<\/a> en France.<\/p>\n<p><strong>R\u00e9sultat : Rafael J\u00f3dar a battu Arthur Fils en deux manches, 7-6, 6-3<\/strong> (score relev\u00e9 le 28\/07\/2026 \u00e0 23h00, heure de Paris, aupr\u00e8s d&rsquo;Univers Tennis et de TennisActu). La premi\u00e8re manche s&rsquo;est jou\u00e9e au tie-break, remport\u00e9 par l&rsquo;Espagnol ; <a href=\"https:\/\/www.tennisactu.net\/\" rel=\"nofollow\">TennisActu<\/a> le d\u00e9taille \u00e0 <strong>7 points \u00e0 5<\/strong>. Dans la seconde, J\u00f3dar a break\u00e9 une premi\u00e8re fois alors que Fils menait 40-0 sur son engagement, puis une seconde fois quand le Fran\u00e7ais servait pour rester dans le match.<\/p>\n<p>Le tournant n&rsquo;est pas seulement tennistique. \u00c0 <strong>3-2 dans le deuxi\u00e8me set<\/strong>, Arthur Fils a fait appel au kin\u00e9 pour un <strong>temps mort m\u00e9dical<\/strong> et a quitt\u00e9 le court plusieurs minutes. Les deux sources fran\u00e7aises situent la g\u00eane \u00e0 la <strong>hanche<\/strong> ; <a href=\"https:\/\/www.universtennis.com\/\" rel=\"nofollow\">Univers Tennis<\/a> \u00e9voque en plus la <strong>cuisse<\/strong>, quand TennisActu s&rsquo;en tient \u00e0 la hanche. De retour en jeu, Fils a sauv\u00e9 deux balles de break \u00e0 4-2 mais a continu\u00e9 de grimacer, visiblement ralenti dans ses d\u00e9placements. <strong>Aucune information n&rsquo;a \u00e9t\u00e9 communiqu\u00e9e sur la nature exacte de la blessure<\/strong> : nous nous en tenons \u00e0 ce qui a \u00e9t\u00e9 observ\u00e9 sur le court, sans poser de diagnostic ni avancer de dur\u00e9e d&rsquo;indisponibilit\u00e9.<\/p>\n<p>Une pr\u00e9cision d&rsquo;honn\u00eatet\u00e9 sur l&rsquo;ant\u00e9c\u00e9dent : les sources ne racontent pas la m\u00eame histoire. Univers Tennis rattache cette g\u00eane \u00e0 <em>\u00ab\u00a0cette m\u00eame hanche\u00a0\u00bb<\/em> qui lui aurait d\u00e9j\u00e0 fait d\u00e9clarer forfait pour Roland-Garros, tandis que TennisActu renvoie \u00e0 son <em>abandon lors du Masters 1000 de Rome<\/em>. Nous ne tranchons pas entre les deux versions.<\/p>\n<p>Au tour suivant, J\u00f3dar retrouvera le Japonais <strong>Kei Nishikori<\/strong>, 36 ans, qui s&rsquo;\u00e9tait qualifi\u00e9 la veille aux d\u00e9pens de Shang Juncheng.<\/p>\n<h3>J\u00f3dar, le pi\u00e8ge d&rsquo;un premier tour<\/h3>\n<p>Sur le papier, un premier tour de t\u00eate de s\u00e9rie n\u00b08. Dans les faits, l&rsquo;un des tirages les plus rugueux du tableau.<\/p>\n<p><strong>Rafael J\u00f3dar<\/strong> est un Espagnol n\u00e9 le <strong>17 septembre 2006<\/strong> \u00e0 Madrid : il a <strong>19 ans<\/strong>. Il \u00e9volue autour de la <strong>24e place mondiale<\/strong>, avec un meilleur classement \u00e0 la <strong>22e place<\/strong> le 1er juin 2026 \u2014 soit, \u00e0 cet instant, quasiment le rang qu&rsquo;occupe Fils aujourd&rsquo;hui. Autrement dit, l&rsquo;\u00e9cart au classement entre les deux hommes se compte en <strong>deux ou trois places<\/strong>, pas en divisions.<\/p>\n<p>Son 2026 est celui d&rsquo;une ascension rapide : entr\u00e9e dans le top 100, puis dans le <strong>top 50 en avril<\/strong>, un premier <strong>titre ATP au Grand Prix Hassan II de Marrakech<\/strong>, et une demi-finale \u00e0 Barcelone en avril.<\/p>\n<p>C&rsquo;est pr\u00e9cis\u00e9ment l\u00e0 que les deux joueurs se sont crois\u00e9s. <strong>Fils m\u00e8ne 1-0<\/strong> dans leur confrontation directe : il a battu J\u00f3dar en <strong>demi-finale de Barcelone, le 18 avril 2026, 3-6, 6-3, 6-2<\/strong>. Un match en trois sets, dans lequel le Fran\u00e7ais a perdu la premi\u00e8re manche avant de renverser la rencontre.<\/p>\n<p>Deux r\u00e9serves de taille avaient \u00e9t\u00e9 pos\u00e9es avant la rencontre \u2014 et elles se sont v\u00e9rifi\u00e9es. D&rsquo;abord, ce pr\u00e9c\u00e9dent avait \u00e9t\u00e9 construit <strong>sur terre battue<\/strong> ; Washington se joue sur <strong>dur<\/strong>, une surface qui sert plut\u00f4t le grand gabarit de J\u00f3dar (1,91 m) et son service. Ensuite, Fils restait sur une saison \u00e0 trous, quand l&rsquo;Espagnol encha\u00eene. R\u00e9sultat, la confrontation directe est d\u00e9sormais \u00e0 <strong>1-1<\/strong>, et le rapport de forces d&rsquo;avril n&rsquo;a pas surv\u00e9cu au changement de surface.<\/p>\n<h2>Ce que cette \u00e9limination change pour la course \u00e0 Turin<\/h2>\n<p>Le bar\u00e8me d&rsquo;un ATP 500 est simple : <strong>500 points<\/strong> au vainqueur, 330 au finaliste, 200 en demi-finale, 100 en quart, 50 en huiti\u00e8me. C&rsquo;est ce que Fils vient de laisser filer \u00e0 Washington. Rapport\u00e9 aux <strong>130 points<\/strong> qui le s\u00e9paraient du top 8 de la Race au 14 juillet, l&rsquo;arithm\u00e9tique de ce qu&rsquo;il pouvait esp\u00e9rer ici \u00e9tait parlante :<\/p>\n<ul>\n<li>Un <strong>quart de finale<\/strong> (100 points) l&rsquo;aurait plac\u00e9 quasiment \u00e0 hauteur d&rsquo;Alex de Minaur.<\/li>\n<li>Une <strong>demi-finale<\/strong> (200 points) aurait suffi, \u00e0 elle seule, \u00e0 passer devant \u2014 sous r\u00e9serve de ce que font ses concurrents dans le m\u00eame temps.<\/li>\n<li>Un <strong>titre<\/strong> (500 points) l&rsquo;aurait mis en position tr\u00e8s solide avant m\u00eame Montr\u00e9al et Cincinnati.<\/li>\n<\/ul>\n<p>C&rsquo;est le sc\u00e9nario inverse qui s&rsquo;est produit. L&rsquo;\u00e9limination d&rsquo;entr\u00e9e ne le fait pas chuter au classement, puisqu&rsquo;il ne d\u00e9fend rien : elle laisse simplement l&rsquo;initiative \u00e0 <strong>Ben Shelton<\/strong> et <strong>Tommy Paul<\/strong>, ses rivaux les plus directs dans cette course \u00e0 Turin. Restent <strong>Montr\u00e9al<\/strong> (\u00e0 partir du 2 ao\u00fbt), <strong>Cincinnati<\/strong> et l&rsquo;<strong>US Open<\/strong> pour combler les 130 points \u2014 \u00e0 condition que le corps suive, ce qui est pr\u00e9cis\u00e9ment la question pos\u00e9e par le temps mort m\u00e9dical de mardi soir.<\/p>\n<p>Le contexte fran\u00e7ais, lui, est plut\u00f4t porteur cet \u00e9t\u00e9 : <a href=\"https:\/\/tennis51.fr\/blog\/actualites-tennis\/kitzbuhel-2026-halys-ecarte-hanfmann-au-bout-de-neuf-balles-de-match-e\/\">Quentin Halys a sign\u00e9 un parcours remarqu\u00e9 \u00e0 Kitzb\u00fchel<\/a> et Luca Van Assche vient d&rsquo;entrer dans le top 50, dans une <a href=\"https:\/\/tennis51.fr\/blog\/actualites-tennis\/gstaad-2026-tsitsipas-retrouve-une-finale-atp-seize-mois-apres-collign\/\">saison estivale sur terre battue riche en surprises<\/a>. Mais pour l&rsquo;instant, un seul Fran\u00e7ais est en position de viser Turin.<\/p>\n<h2>Questions fr\u00e9quentes<\/h2>\n<details>\n<summary>Qui a gagn\u00e9 le match Arthur Fils \u2013 Rafael J\u00f3dar \u00e0 Washington ?<\/summary>\n<p><strong>Rafael J\u00f3dar<\/strong> s&rsquo;est impos\u00e9 <strong>7-6, 6-3<\/strong> au premier tour de l&rsquo;ATP 500 de Washington, le <strong>28 juillet 2026<\/strong> (score relev\u00e9 le 28\/07\/2026 \u00e0 23h00, heure de Paris). Arthur Fils a pris un <strong>temps mort m\u00e9dical \u00e0 3-2 dans le deuxi\u00e8me set<\/strong>, pour une g\u00eane situ\u00e9e \u00e0 la <strong>hanche<\/strong> par les sources fran\u00e7aises. La nature exacte de la blessure n&rsquo;a pas \u00e9t\u00e9 communiqu\u00e9e. J\u00f3dar affrontera ensuite Kei Nishikori.<\/p>\n<\/details>\n<details>\n<summary>Quel est le classement d&rsquo;Arthur Fils en 2026 ?<\/summary>\n<p>Il est <strong>22e mondial<\/strong> au classement ATP du <strong>27 juillet 2026<\/strong>, ce qui fait de lui le <strong>num\u00e9ro un fran\u00e7ais<\/strong>. Son meilleur classement en carri\u00e8re reste la <strong>14e place<\/strong>, atteinte le 14 avril 2025.<\/p>\n<\/details>\n<details>\n<summary>Arthur Fils peut-il se qualifier pour le Masters de Turin ?<\/summary>\n<p>C&rsquo;est encore math\u00e9matiquement jouable, mais l&rsquo;\u00e9limination d&rsquo;entr\u00e9e \u00e0 Washington ne l&rsquo;a pas aid\u00e9. Il \u00e9tait <strong>10e de la Race ATP avec 1 940 points<\/strong> au 14 juillet 2026, \u00e0 environ <strong>130 points<\/strong> de la 8e place occup\u00e9e par Alex de Minaur. Ce premier tour perdu ne lui co\u00fbte aucun point \u2014 il n&rsquo;a quasiment rien \u00e0 d\u00e9fendre \u2014 mais ne lui en rapporte aucun : l&rsquo;\u00e9cart reste entier, et il ne lui reste que <strong>Montr\u00e9al, Cincinnati et l&rsquo;US Open<\/strong> pour le combler.<\/p>\n<\/details>\n<details>\n<summary>Pourquoi Arthur Fils n&rsquo;a-t-il pas jou\u00e9 Roland-Garros en 2026 ?<\/summary>\n<p>\u00c0 cause d&rsquo;une <strong>blessure au dos<\/strong> qui l&rsquo;a \u00e9cart\u00e9 des courts environ <strong>huit mois<\/strong>, jusqu&rsquo;en f\u00e9vrier 2026, puis d&rsquo;une rechute. Il a manqu\u00e9 deux Grands Chelems cette ann\u00e9e, l&rsquo;<strong>Open d&rsquo;Australie<\/strong> et <strong>Roland-Garros<\/strong>, et n&rsquo;est revenu sur un tableau majeur qu&rsquo;\u00e0 Wimbledon, fin juin.<\/p>\n<\/details>\n<h2>\u00c0 retenir<\/h2>\n<p>Arthur Fils abordait Washington dans une configuration rare : <strong>num\u00e9ro un fran\u00e7ais<\/strong>, 22e mondial, mais avec presque tous ses points gagn\u00e9s sur les seuls sept premiers mois de 2026. Sa marge de progression au classement reste quasiment intacte apr\u00e8s ce premier tour perdu \u2014 il n&rsquo;avait rien \u00e0 y d\u00e9fendre \u2014 mais elle attend toujours d&rsquo;\u00eatre convertie.<\/p>\n<p>Son titre \u00e0 Barcelone contre Andrey Rublev, ses demi-finales \u00e0 Miami et Madrid et sa finale \u00e0 Doha prouvent qu&rsquo;il a le niveau des grosses semaines, sur terre comme sur dur. Les huit mois d&rsquo;absence pour le dos, l&rsquo;Open d&rsquo;Australie et Roland-Garros manqu\u00e9s rappellent en revanche que sa principale adversaire, cette saison, reste sa capacit\u00e9 \u00e0 encha\u00eener.<\/p>\n<p>Sur la <strong>Race ATP<\/strong>, la lecture est limpide : 130 points le s\u00e9parent de Turin, soit l&rsquo;\u00e9quivalent d&rsquo;un quart de finale bien n\u00e9goci\u00e9. Il avait quatre occasions de les prendre ; la premi\u00e8re, Washington, est pass\u00e9e \u2014 battu 7-6, 6-3 par Rafael J\u00f3dar d\u00e8s le premier tour, avec un temps mort m\u00e9dical \u00e0 la cl\u00e9. Il en reste trois, Montr\u00e9al, Cincinnati et l&rsquo;US Open, et une inconnue qui p\u00e8se plus lourd que l&rsquo;arithm\u00e9tique : son \u00e9tat physique.<\/p>\n<p><em>Sources : <a href=\"https:\/\/www.atptour.com\/\" rel=\"nofollow\">ATP Tour<\/a>, <a href=\"https:\/\/www.universtennis.com\/\" rel=\"nofollow\">Univers Tennis<\/a>, <a href=\"https:\/\/www.tennisactu.net\/\" rel=\"nofollow\">TennisActu<\/a>, <a href=\"https:\/\/www.welovetennis.fr\/\" rel=\"nofollow\">We Love Tennis<\/a>. Classements ATP arr\u00eat\u00e9s au 27 juillet 2026, Race ATP au 14 juillet 2026. <strong>Score du match Fils \u2013 J\u00f3dar relev\u00e9 le 28 juillet 2026 \u00e0 23h00 (heure de Paris)<\/strong>, recoup\u00e9 sur Univers Tennis et TennisActu.<\/em><\/p>\n<p><script type=\"application\/ld+json\">{\"@context\": \"https:\/\/schema.org\", \"@type\": \"FAQPage\", \"mainEntity\": [{\"@type\": \"Question\", \"name\": \"Qui a gagn\u00e9 le match Arthur Fils \u2013 Rafael J\u00f3dar \u00e0 Washington ?\", \"acceptedAnswer\": {\"@type\": \"Answer\", \"text\": \"Rafael J\u00f3dar s'est impos\u00e9 7-6, 6-3 au premier tour de l'ATP 500 de Washington, le 28 juillet 2026 (score relev\u00e9 le 28\/07\/2026 \u00e0 23h00, heure de Paris). Arthur Fils a pris un temps mort m\u00e9dical \u00e0 3-2 dans le deuxi\u00e8me set, pour une g\u00eane situ\u00e9e \u00e0 la hanche par les sources fran\u00e7aises ; la nature exacte de la blessure n'a pas \u00e9t\u00e9 communiqu\u00e9e. J\u00f3dar affrontera ensuite Kei Nishikori.\"}}, {\"@type\": \"Question\", \"name\": \"Quel est le classement d'Arthur Fils en 2026 ?\", \"acceptedAnswer\": {\"@type\": \"Answer\", \"text\": \"Arthur Fils est 22e mondial au classement ATP du 27 juillet 2026, ce qui fait de lui le num\u00e9ro un fran\u00e7ais. Son meilleur classement en carri\u00e8re reste la 14e place, atteinte le 14 avril 2025.\"}}, {\"@type\": \"Question\", \"name\": \"Arthur Fils peut-il se qualifier pour le Masters de Turin ?\", \"acceptedAnswer\": {\"@type\": \"Answer\", \"text\": \"C'est encore math\u00e9matiquement jouable, mais l'\u00e9limination d'entr\u00e9e \u00e0 Washington le 28 juillet 2026 ne l'a pas aid\u00e9. Il \u00e9tait 10e de la Race ATP avec 1 940 points au 14 juillet 2026, \u00e0 environ 130 points de la 8e place occup\u00e9e par Alex de Minaur. Ce premier tour perdu ne lui co\u00fbte aucun point, puisqu'il n'a quasiment rien \u00e0 d\u00e9fendre, mais ne lui en rapporte aucun : il ne lui reste que Montr\u00e9al, Cincinnati et l'US Open pour combler l'\u00e9cart.\"}}, {\"@type\": \"Question\", \"name\": \"Pourquoi Arthur Fils n'a-t-il pas jou\u00e9 Roland-Garros en 2026 ?\", \"acceptedAnswer\": {\"@type\": \"Answer\", \"text\": \"\u00c0 cause d'une blessure au dos qui l'a \u00e9cart\u00e9 des courts environ huit mois, jusqu'en f\u00e9vrier 2026, puis d'une rechute. Il a manqu\u00e9 l'Open d'Australie et Roland-Garros, et n'est revenu sur un tableau majeur qu'\u00e0 Wimbledon, fin juin 2026.\"}}]}<\/script><\/p>\n","protected":false},"excerpt":{"rendered":"","protected":false},"author":41,"featured_media":7700,"comment_status":"open","ping_status":"open","sticky":false,"template":"","format":"standard","meta":{"_acf_changed":false,"manual_indexmenow":false,"indexmenow_id_project":0,"footnotes":""},"categories":[4523],"tags":[],"class_list":["post-7699","post","type-post","status-publish","format-standard","has-post-thumbnail","hentry","category-analyse-des-matchs-et-joueurs","generate-columns","tablet-grid-50","mobile-grid-100","grid-parent","grid-25"],"acf":[],"yoast_head":"<!-- This site is optimized with the Yoast SEO Premium plugin v21.3 (Yoast SEO v26.5) - https:\/\/yoast.com\/wordpress\/plugins\/seo\/ -->\n<title>Arthur Fils 2026 : classement, saison et cap sur Turin<\/title>\n<meta name=\"description\" content=\"Arthur Fils battu par Rafael J\u00f3dar 7-6, 6-3 au 1er tour de Washington le 28 juillet 2026, avec un temps mort m\u00e9dical \u00e0 la hanche. Score, classement ATP et course \u00e0 Turin.\" \/>\n<meta name=\"robots\" content=\"index, follow, max-snippet:-1, max-image-preview:large, max-video-preview:-1\" \/>\n<link rel=\"canonical\" href=\"https:\/\/tennis51.fr\/blog\/analyse-des-matchs-et-joueurs\/arthur-fils-ou-en-est-le-n1-francais-en-2026-et-ce-qui-se-joue-a-washington\/\" \/>\n<meta property=\"og:locale\" content=\"fr_FR\" \/>\n<meta property=\"og:type\" content=\"article\" \/>\n<meta property=\"og:title\" content=\"Arthur Fils 2026 : classement, saison et cap sur Turin\" \/>\n<meta property=\"og:description\" content=\"Arthur Fils battu par Rafael J\u00f3dar 7-6, 6-3 au 1er tour de Washington le 28 juillet 2026, avec un temps mort m\u00e9dical \u00e0 la hanche. Score, classement ATP et course \u00e0 Turin.\" \/>\n<meta property=\"og:url\" content=\"https:\/\/tennis51.fr\/blog\/analyse-des-matchs-et-joueurs\/arthur-fils-ou-en-est-le-n1-francais-en-2026-et-ce-qui-se-joue-a-washington\/\" \/>\n<meta property=\"og:site_name\" content=\"tennis51\" \/>\n<meta property=\"og:image\" content=\"https:\/\/tennis51.fr\/blog\/wp-content\/uploads\/2026\/07\/arthur-fils-court-dur-2026-scaled.jpg\" \/>\n<meta name=\"author\" content=\"Antoine Bernard\" \/>\n<meta name=\"twitter:card\" content=\"summary_large_image\" \/>\n<script type=\"application\/ld+json\" class=\"yoast-schema-graph\">{\"@context\":\"https:\/\/schema.org\",\"@graph\":[{\"@type\":\"NewsArticle\",\"@id\":\"https:\/\/tennis51.fr\/blog\/analyse-des-matchs-et-joueurs\/arthur-fils-ou-en-est-le-n1-francais-en-2026-et-ce-qui-se-joue-a-washington\/#article\",\"isPartOf\":{\"@id\":\"https:\/\/tennis51.fr\/blog\/analyse-des-matchs-et-joueurs\/arthur-fils-ou-en-est-le-n1-francais-en-2026-et-ce-qui-se-joue-a-washington\/\"},\"author\":{\"name\":\"Antoine Bernard\",\"@id\":\"https:\/\/tennis51.fr\/blog\/#\/schema\/person\/44426045f6d04c1519cfa471757b400f\"},\"headline\":\"Arthur Fils : o\u00f9 en est le n\u00b01 fran\u00e7ais en 2026, et ce qui se joue \u00e0 Washington\",\"datePublished\":\"2026-07-28T18:28:15+00:00\",\"dateModified\":\"2026-07-28T20:48:04+00:00\",\"mainEntityOfPage\":{\"@id\":\"https:\/\/tennis51.fr\/blog\/analyse-des-matchs-et-joueurs\/arthur-fils-ou-en-est-le-n1-francais-en-2026-et-ce-qui-se-joue-a-washington\/\"},\"wordCount\":2664,\"commentCount\":0,\"publisher\":{\"@id\":\"https:\/\/tennis51.fr\/blog\/#organization\"},\"image\":{\"@id\":\"https:\/\/tennis51.fr\/blog\/analyse-des-matchs-et-joueurs\/arthur-fils-ou-en-est-le-n1-francais-en-2026-et-ce-qui-se-joue-a-washington\/#primaryimage\"},\"thumbnailUrl\":\"https:\/\/tennis51.fr\/blog\/wp-content\/uploads\/2026\/07\/arthur-fils-court-dur-2026-scaled.jpg\",\"articleSection\":[\"Analyse des Matchs et Joueurs\"],\"inLanguage\":\"fr-FR\",\"potentialAction\":[{\"@type\":\"CommentAction\",\"name\":\"Comment\",\"target\":[\"https:\/\/tennis51.fr\/blog\/analyse-des-matchs-et-joueurs\/arthur-fils-ou-en-est-le-n1-francais-en-2026-et-ce-qui-se-joue-a-washington\/#respond\"]}]},{\"@type\":\"WebPage\",\"@id\":\"https:\/\/tennis51.fr\/blog\/analyse-des-matchs-et-joueurs\/arthur-fils-ou-en-est-le-n1-francais-en-2026-et-ce-qui-se-joue-a-washington\/\",\"url\":\"https:\/\/tennis51.fr\/blog\/analyse-des-matchs-et-joueurs\/arthur-fils-ou-en-est-le-n1-francais-en-2026-et-ce-qui-se-joue-a-washington\/\",\"name\":\"Arthur Fils 2026 : classement, saison et cap sur Turin\",\"isPartOf\":{\"@id\":\"https:\/\/tennis51.fr\/blog\/#website\"},\"primaryImageOfPage\":{\"@id\":\"https:\/\/tennis51.fr\/blog\/analyse-des-matchs-et-joueurs\/arthur-fils-ou-en-est-le-n1-francais-en-2026-et-ce-qui-se-joue-a-washington\/#primaryimage\"},\"image\":{\"@id\":\"https:\/\/tennis51.fr\/blog\/analyse-des-matchs-et-joueurs\/arthur-fils-ou-en-est-le-n1-francais-en-2026-et-ce-qui-se-joue-a-washington\/#primaryimage\"},\"thumbnailUrl\":\"https:\/\/tennis51.fr\/blog\/wp-content\/uploads\/2026\/07\/arthur-fils-court-dur-2026-scaled.jpg\",\"datePublished\":\"2026-07-28T18:28:15+00:00\",\"dateModified\":\"2026-07-28T20:48:04+00:00\",\"description\":\"Arthur Fils battu par Rafael J\u00f3dar 7-6, 6-3 au 1er tour de Washington le 28 juillet 2026, avec un temps mort m\u00e9dical \u00e0 la hanche. Score, classement ATP et course \u00e0 Turin.\",\"inLanguage\":\"fr-FR\",\"potentialAction\":[{\"@type\":\"ReadAction\",\"target\":[\"https:\/\/tennis51.fr\/blog\/analyse-des-matchs-et-joueurs\/arthur-fils-ou-en-est-le-n1-francais-en-2026-et-ce-qui-se-joue-a-washington\/\"]}]},{\"@type\":\"ImageObject\",\"inLanguage\":\"fr-FR\",\"@id\":\"https:\/\/tennis51.fr\/blog\/analyse-des-matchs-et-joueurs\/arthur-fils-ou-en-est-le-n1-francais-en-2026-et-ce-qui-se-joue-a-washington\/#primaryimage\",\"url\":\"https:\/\/tennis51.fr\/blog\/wp-content\/uploads\/2026\/07\/arthur-fils-court-dur-2026-scaled.jpg\",\"contentUrl\":\"https:\/\/tennis51.fr\/blog\/wp-content\/uploads\/2026\/07\/arthur-fils-court-dur-2026-scaled.jpg\",\"width\":1200,\"height\":800,\"caption\":\"Raquette de tennis pos\u00e9e sur un court en dur bleu, surface de la tourn\u00e9e am\u00e9ricaine\"},{\"@type\":\"WebSite\",\"@id\":\"https:\/\/tennis51.fr\/blog\/#website\",\"url\":\"https:\/\/tennis51.fr\/blog\/\",\"name\":\"Tennis 51\",\"description\":\"Tennis 51, le service gagnant sur le court\",\"publisher\":{\"@id\":\"https:\/\/tennis51.fr\/blog\/#organization\"},\"alternateName\":\"Tennis 51, le service gagnant sur le court\",\"potentialAction\":[{\"@type\":\"SearchAction\",\"target\":{\"@type\":\"EntryPoint\",\"urlTemplate\":\"https:\/\/tennis51.fr\/blog\/?s={search_term_string}\"},\"query-input\":{\"@type\":\"PropertyValueSpecification\",\"valueRequired\":true,\"valueName\":\"search_term_string\"}}],\"inLanguage\":\"fr-FR\"},{\"@type\":\"Organization\",\"@id\":\"https:\/\/tennis51.fr\/blog\/#organization\",\"name\":\"Tennis 51\",\"alternateName\":\"Tennis51\",\"url\":\"https:\/\/tennis51.fr\/blog\/\",\"logo\":{\"@type\":\"ImageObject\",\"inLanguage\":\"fr-FR\",\"@id\":\"https:\/\/tennis51.fr\/blog\/#\/schema\/logo\/image\/\",\"url\":\"https:\/\/tennis51.fr\/blog\/wp-content\/uploads\/2024\/12\/40.png\",\"contentUrl\":\"https:\/\/tennis51.fr\/blog\/wp-content\/uploads\/2024\/12\/40.png\",\"width\":500,\"height\":500,\"caption\":\"Tennis 51\"},\"image\":{\"@id\":\"https:\/\/tennis51.fr\/blog\/#\/schema\/logo\/image\/\"}},{\"@type\":\"Person\",\"@id\":\"https:\/\/tennis51.fr\/blog\/#\/schema\/person\/44426045f6d04c1519cfa471757b400f\",\"name\":\"Antoine Bernard\",\"image\":{\"@type\":\"ImageObject\",\"inLanguage\":\"fr-FR\",\"@id\":\"https:\/\/tennis51.fr\/blog\/#\/schema\/person\/image\/\",\"url\":\"https:\/\/secure.gravatar.com\/avatar\/?s=96&d=mm&r=g\",\"contentUrl\":\"https:\/\/secure.gravatar.com\/avatar\/?s=96&d=mm&r=g\",\"caption\":\"Antoine Bernard\"},\"description\":\"Analyste tactique et fan de statistiques, Antoine propose des analyses d\u00e9taill\u00e9es des grands matchs, des styles de jeu et des performances des joueurs du circuit ATP\/WTA.\",\"sameAs\":[\"https:\/\/bernardantoine.fr\/\"],\"url\":\"https:\/\/tennis51.fr\/blog\/auteur\/antoine-bernard\/\",\"jobTitle\":\"Contributeur m\u00e9canique\",\"email\":\"antoine.bernard@autosmythiques57.fr\"}]}<\/script>\n<!-- \/ Yoast SEO Premium plugin. -->","yoast_head_json":{"title":"Arthur Fils 2026 : classement, saison et cap sur Turin","description":"Arthur Fils battu par Rafael J\u00f3dar 7-6, 6-3 au 1er tour de Washington le 28 juillet 2026, avec un temps mort m\u00e9dical \u00e0 la hanche. Score, classement ATP et course \u00e0 Turin.","robots":{"index":"index","follow":"follow","max-snippet":"max-snippet:-1","max-image-preview":"max-image-preview:large","max-video-preview":"max-video-preview:-1"},"canonical":"https:\/\/tennis51.fr\/blog\/analyse-des-matchs-et-joueurs\/arthur-fils-ou-en-est-le-n1-francais-en-2026-et-ce-qui-se-joue-a-washington\/","og_locale":"fr_FR","og_type":"article","og_title":"Arthur Fils 2026 : classement, saison et cap sur Turin","og_description":"Arthur Fils battu par Rafael J\u00f3dar 7-6, 6-3 au 1er tour de Washington le 28 juillet 2026, avec un temps mort m\u00e9dical \u00e0 la hanche. Score, classement ATP et course \u00e0 Turin.","og_url":"https:\/\/tennis51.fr\/blog\/analyse-des-matchs-et-joueurs\/arthur-fils-ou-en-est-le-n1-francais-en-2026-et-ce-qui-se-joue-a-washington\/","og_site_name":"tennis51","og_image":[{"url":"https:\/\/tennis51.fr\/blog\/wp-content\/uploads\/2026\/07\/arthur-fils-court-dur-2026-scaled.jpg","type":"","width":"","height":""}],"author":"Antoine Bernard","twitter_card":"summary_large_image","schema":{"@context":"https:\/\/schema.org","@graph":[{"@type":"NewsArticle","@id":"https:\/\/tennis51.fr\/blog\/analyse-des-matchs-et-joueurs\/arthur-fils-ou-en-est-le-n1-francais-en-2026-et-ce-qui-se-joue-a-washington\/#article","isPartOf":{"@id":"https:\/\/tennis51.fr\/blog\/analyse-des-matchs-et-joueurs\/arthur-fils-ou-en-est-le-n1-francais-en-2026-et-ce-qui-se-joue-a-washington\/"},"author":{"name":"Antoine Bernard","@id":"https:\/\/tennis51.fr\/blog\/#\/schema\/person\/44426045f6d04c1519cfa471757b400f"},"headline":"Arthur Fils : o\u00f9 en est le n\u00b01 fran\u00e7ais en 2026, et ce qui se joue \u00e0 Washington","datePublished":"2026-07-28T18:28:15+00:00","dateModified":"2026-07-28T20:48:04+00:00","mainEntityOfPage":{"@id":"https:\/\/tennis51.fr\/blog\/analyse-des-matchs-et-joueurs\/arthur-fils-ou-en-est-le-n1-francais-en-2026-et-ce-qui-se-joue-a-washington\/"},"wordCount":2664,"commentCount":0,"publisher":{"@id":"https:\/\/tennis51.fr\/blog\/#organization"},"image":{"@id":"https:\/\/tennis51.fr\/blog\/analyse-des-matchs-et-joueurs\/arthur-fils-ou-en-est-le-n1-francais-en-2026-et-ce-qui-se-joue-a-washington\/#primaryimage"},"thumbnailUrl":"https:\/\/tennis51.fr\/blog\/wp-content\/uploads\/2026\/07\/arthur-fils-court-dur-2026-scaled.jpg","articleSection":["Analyse des Matchs et Joueurs"],"inLanguage":"fr-FR","potentialAction":[{"@type":"CommentAction","name":"Comment","target":["https:\/\/tennis51.fr\/blog\/analyse-des-matchs-et-joueurs\/arthur-fils-ou-en-est-le-n1-francais-en-2026-et-ce-qui-se-joue-a-washington\/#respond"]}]},{"@type":"WebPage","@id":"https:\/\/tennis51.fr\/blog\/analyse-des-matchs-et-joueurs\/arthur-fils-ou-en-est-le-n1-francais-en-2026-et-ce-qui-se-joue-a-washington\/","url":"https:\/\/tennis51.fr\/blog\/analyse-des-matchs-et-joueurs\/arthur-fils-ou-en-est-le-n1-francais-en-2026-et-ce-qui-se-joue-a-washington\/","name":"Arthur Fils 2026 : classement, saison et cap sur Turin","isPartOf":{"@id":"https:\/\/tennis51.fr\/blog\/#website"},"primaryImageOfPage":{"@id":"https:\/\/tennis51.fr\/blog\/analyse-des-matchs-et-joueurs\/arthur-fils-ou-en-est-le-n1-francais-en-2026-et-ce-qui-se-joue-a-washington\/#primaryimage"},"image":{"@id":"https:\/\/tennis51.fr\/blog\/analyse-des-matchs-et-joueurs\/arthur-fils-ou-en-est-le-n1-francais-en-2026-et-ce-qui-se-joue-a-washington\/#primaryimage"},"thumbnailUrl":"https:\/\/tennis51.fr\/blog\/wp-content\/uploads\/2026\/07\/arthur-fils-court-dur-2026-scaled.jpg","datePublished":"2026-07-28T18:28:15+00:00","dateModified":"2026-07-28T20:48:04+00:00","description":"Arthur Fils battu par Rafael J\u00f3dar 7-6, 6-3 au 1er tour de Washington le 28 juillet 2026, avec un temps mort m\u00e9dical \u00e0 la hanche. Score, classement ATP et course \u00e0 Turin.","inLanguage":"fr-FR","potentialAction":[{"@type":"ReadAction","target":["https:\/\/tennis51.fr\/blog\/analyse-des-matchs-et-joueurs\/arthur-fils-ou-en-est-le-n1-francais-en-2026-et-ce-qui-se-joue-a-washington\/"]}]},{"@type":"ImageObject","inLanguage":"fr-FR","@id":"https:\/\/tennis51.fr\/blog\/analyse-des-matchs-et-joueurs\/arthur-fils-ou-en-est-le-n1-francais-en-2026-et-ce-qui-se-joue-a-washington\/#primaryimage","url":"https:\/\/tennis51.fr\/blog\/wp-content\/uploads\/2026\/07\/arthur-fils-court-dur-2026-scaled.jpg","contentUrl":"https:\/\/tennis51.fr\/blog\/wp-content\/uploads\/2026\/07\/arthur-fils-court-dur-2026-scaled.jpg","width":1200,"height":800,"caption":"Raquette de tennis pos\u00e9e sur un court en dur bleu, surface de la tourn\u00e9e am\u00e9ricaine"},{"@type":"WebSite","@id":"https:\/\/tennis51.fr\/blog\/#website","url":"https:\/\/tennis51.fr\/blog\/","name":"Tennis 51","description":"Tennis 51, le service gagnant sur le court","publisher":{"@id":"https:\/\/tennis51.fr\/blog\/#organization"},"alternateName":"Tennis 51, le service gagnant sur le court","potentialAction":[{"@type":"SearchAction","target":{"@type":"EntryPoint","urlTemplate":"https:\/\/tennis51.fr\/blog\/?s={search_term_string}"},"query-input":{"@type":"PropertyValueSpecification","valueRequired":true,"valueName":"search_term_string"}}],"inLanguage":"fr-FR"},{"@type":"Organization","@id":"https:\/\/tennis51.fr\/blog\/#organization","name":"Tennis 51","alternateName":"Tennis51","url":"https:\/\/tennis51.fr\/blog\/","logo":{"@type":"ImageObject","inLanguage":"fr-FR","@id":"https:\/\/tennis51.fr\/blog\/#\/schema\/logo\/image\/","url":"https:\/\/tennis51.fr\/blog\/wp-content\/uploads\/2024\/12\/40.png","contentUrl":"https:\/\/tennis51.fr\/blog\/wp-content\/uploads\/2024\/12\/40.png","width":500,"height":500,"caption":"Tennis 51"},"image":{"@id":"https:\/\/tennis51.fr\/blog\/#\/schema\/logo\/image\/"}},{"@type":"Person","@id":"https:\/\/tennis51.fr\/blog\/#\/schema\/person\/44426045f6d04c1519cfa471757b400f","name":"Antoine Bernard","image":{"@type":"ImageObject","inLanguage":"fr-FR","@id":"https:\/\/tennis51.fr\/blog\/#\/schema\/person\/image\/","url":"https:\/\/secure.gravatar.com\/avatar\/?s=96&d=mm&r=g","contentUrl":"https:\/\/secure.gravatar.com\/avatar\/?s=96&d=mm&r=g","caption":"Antoine Bernard"},"description":"Analyste tactique et fan de statistiques, Antoine propose des analyses d\u00e9taill\u00e9es des grands matchs, des styles de jeu et des performances des joueurs du circuit ATP\/WTA.","sameAs":["https:\/\/bernardantoine.fr\/"],"url":"https:\/\/tennis51.fr\/blog\/auteur\/antoine-bernard\/","jobTitle":"Contributeur m\u00e9canique","email":"antoine.bernard@autosmythiques57.fr"}]}},"_links":{"self":[{"href":"https:\/\/tennis51.fr\/blog\/wp-json\/wp\/v2\/posts\/7699","targetHints":{"allow":["GET"]}}],"collection":[{"href":"https:\/\/tennis51.fr\/blog\/wp-json\/wp\/v2\/posts"}],"about":[{"href":"https:\/\/tennis51.fr\/blog\/wp-json\/wp\/v2\/types\/post"}],"author":[{"embeddable":true,"href":"https:\/\/tennis51.fr\/blog\/wp-json\/wp\/v2\/users\/41"}],"replies":[{"embeddable":true,"href":"https:\/\/tennis51.fr\/blog\/wp-json\/wp\/v2\/comments?post=7699"}],"version-history":[{"count":2,"href":"https:\/\/tennis51.fr\/blog\/wp-json\/wp\/v2\/posts\/7699\/revisions"}],"predecessor-version":[{"id":7702,"href":"https:\/\/tennis51.fr\/blog\/wp-json\/wp\/v2\/posts\/7699\/revisions\/7702"}],"wp:featuredmedia":[{"embeddable":true,"href":"https:\/\/tennis51.fr\/blog\/wp-json\/wp\/v2\/media\/7700"}],"wp:attachment":[{"href":"https:\/\/tennis51.fr\/blog\/wp-json\/wp\/v2\/media?parent=7699"}],"wp:term":[{"taxonomy":"category","embeddable":true,"href":"https:\/\/tennis51.fr\/blog\/wp-json\/wp\/v2\/categories?post=7699"},{"taxonomy":"post_tag","embeddable":true,"href":"https:\/\/tennis51.fr\/blog\/wp-json\/wp\/v2\/tags?post=7699"}],"curies":[{"name":"wp","href":"https:\/\/api.w.org\/{rel}","templated":true}]}}