{"id":7694,"date":"2026-07-19T10:05:20","date_gmt":"2026-07-19T08:05:20","guid":{"rendered":"https:\/\/tennis51.fr\/blog\/actualites-tennis\/gstaad-2026-tsitsipas-retrouve-une-finale-atp-seize-mois-apres-collign\/"},"modified":"2026-07-19T10:05:20","modified_gmt":"2026-07-19T08:05:20","slug":"gstaad-2026-tsitsipas-retrouve-une-finale-atp-seize-mois-apres-collign","status":"publish","type":"post","link":"https:\/\/tennis51.fr\/blog\/actualites-tennis\/gstaad-2026-tsitsipas-retrouve-une-finale-atp-seize-mois-apres-collign\/","title":{"rendered":"Gstaad 2026 : Tsitsipas retrouve une finale ATP seize mois apr\u00e8s, Collignon d\u00e9couvre la sienne"},"content":{"rendered":"<p style=\"font-size:18px;line-height:1.65;color:#1a1a1a;\">Il aura fallu attendre seize mois. Stefanos Tsitsipas, 85e joueur mondial et sorti des radars depuis l&rsquo;hiver 2025, s&rsquo;est qualifi\u00e9 samedi 18 juillet pour la finale de l&rsquo;EFG Swiss Open de Gstaad, un ATP 250 sur terre battue disput\u00e9 du 13 au 19 juillet dans l&rsquo;Oberland bernois. En face, ce dimanche, le Belge Raphael Collignon, 42e mondial, qui dispute la premi\u00e8re finale ATP de sa carri\u00e8re apr\u00e8s un sauvetage compl\u00e8tement fou en demi-finale. Deux trajectoires oppos\u00e9es, un seul troph\u00e9e, et pour chacun un enjeu qui d\u00e9passe largement le cadre d&rsquo;un tournoi de 250 points.<\/p>\n<div style=\"background:#E7F3EC;border:1px solid #15803D33;border-radius:14px;padding:20px 24px;margin:26px 0;font-family:-apple-system,BlinkMacSystemFont,'Segoe UI',Roboto,sans-serif;\">\n<div style=\"font-size:12px;font-weight:800;letter-spacing:.14em;text-transform:uppercase;color:#15803D;margin-bottom:12px;\">\u26a1 En bref<\/div>\n<ul style=\"margin:0;padding:0;list-style:none;font-size:15.5px;color:#1a1a1a;\">\n<li style=\"margin:0 0 8px;padding-left:24px;position:relative;line-height:1.5;\"><span style=\"position:absolute;left:0;color:#15803D;font-weight:800;\">\u25b8<\/span><strong>Stefanos Tsitsipas<\/strong> s&rsquo;est qualifi\u00e9 pour la finale de Gstaad en battant Aleksandr Chevtchenko <strong>6-4, 3-6, 6-3<\/strong> en demi-finale.<\/li>\n<li style=\"margin:0 0 8px;padding-left:24px;position:relative;line-height:1.5;\"><span style=\"position:absolute;left:0;color:#15803D;font-weight:800;\">\u25b8<\/span>C&rsquo;est sa <strong>premi\u00e8re finale sur le circuit ATP depuis f\u00e9vrier 2025<\/strong>, soit environ seize mois de disette.<\/li>\n<li style=\"margin:0 0 8px;padding-left:24px;position:relative;line-height:1.5;\"><span style=\"position:absolute;left:0;color:#15803D;font-weight:800;\">\u25b8<\/span>Le Belge <strong>Raphael Collignon<\/strong> a sauv\u00e9 une balle de match face \u00e0 Juan Manuel Cerundolo (<strong>1-6, 7-6(5), 7-5<\/strong>) pour atteindre la premi\u00e8re finale ATP de sa carri\u00e8re.<\/li>\n<li style=\"margin:0 0 8px;padding-left:24px;position:relative;line-height:1.5;\"><span style=\"position:absolute;left:0;color:#15803D;font-weight:800;\">\u25b8<\/span>Le vainqueur du tournoi empochera une part des <strong>612 620 \u20ac<\/strong> de dotation, avec de gros mouvements au classement \u00e0 la cl\u00e9.<\/li>\n<\/ul>\n<\/div>\n<div style=\"display:flex;flex-wrap:wrap;gap:12px;margin:24px 0;\">\n<div style=\"flex:1;min-width:120px;background:#fff;border:1px solid #e6e8ee;border-top:3px solid #15803D;border-radius:12px;padding:16px 18px;text-align:center;\">\n<div style=\"font-size:26px;font-weight:800;color:#15803D;line-height:1.1;letter-spacing:-.01em;\">85e<\/div>\n<div style=\"font-size:12.5px;color:#667085;margin-top:6px;line-height:1.3;\">Classement ATP de Tsitsipas \u00e0 Gstaad<\/div>\n<\/div>\n<div style=\"flex:1;min-width:120px;background:#fff;border:1px solid #e6e8ee;border-top:3px solid #15803D;border-radius:12px;padding:16px 18px;text-align:center;\">\n<div style=\"font-size:26px;font-weight:800;color:#15803D;line-height:1.1;letter-spacing:-.01em;\">42e<\/div>\n<div style=\"font-size:12.5px;color:#667085;margin-top:6px;line-height:1.3;\">Classement ATP de Collignon<\/div>\n<\/div>\n<div style=\"flex:1;min-width:120px;background:#fff;border:1px solid #e6e8ee;border-top:3px solid #15803D;border-radius:12px;padding:16px 18px;text-align:center;\">\n<div style=\"font-size:26px;font-weight:800;color:#15803D;line-height:1.1;letter-spacing:-.01em;\">16 mois<\/div>\n<div style=\"font-size:12.5px;color:#667085;margin-top:6px;line-height:1.3;\">Sans finale ATP pour le Grec<\/div>\n<\/div>\n<div style=\"flex:1;min-width:120px;background:#fff;border:1px solid #e6e8ee;border-top:3px solid #15803D;border-radius:12px;padding:16px 18px;text-align:center;\">\n<div style=\"font-size:26px;font-weight:800;color:#15803D;line-height:1.1;letter-spacing:-.01em;\">612 620 \u20ac<\/div>\n<div style=\"font-size:12.5px;color:#667085;margin-top:6px;line-height:1.3;\">Dotation totale du Swiss Open<\/div>\n<\/div>\n<\/div>\n<h2 style=\"font-size:24px;line-height:1.25;margin:36px 0 14px;letter-spacing:-.01em;color:#1a1a1a;font-weight:800;\">Tsitsipas, une remont\u00e9e par la petite porte<\/h2>\n<p style=\"font-size:16.5px;line-height:1.7;color:#2a2a2a;margin:0 0 16px;\">On avait presque oubli\u00e9 \u00e0 quoi ressemblait Stefanos Tsitsipas dans le dernier carr\u00e9 d&rsquo;un tournoi. Ancien num\u00e9ro 3 mondial, double finaliste de Grand Chelem, le Grec est arriv\u00e9 en Suisse avec le statut de <strong>85e mondial<\/strong> et sans t\u00eate de s\u00e9rie \u2014 une situation impensable il y a trois ans. Sa semaine \u00e0 Gstaad ressemble donc moins \u00e0 une confirmation qu&rsquo;\u00e0 une op\u00e9ration de sauvetage.<\/p>\n<p style=\"font-size:16.5px;line-height:1.7;color:#2a2a2a;margin:0 0 16px;\">Le parcours a du sens, parce qu&rsquo;il s&rsquo;est construit sur des adversaires class\u00e9s devant lui. Tsitsipas a \u00e9limin\u00e9 plusieurs joueurs prot\u00e9g\u00e9s par le tableau, dont le P\u00e9ruvien <strong>Ignacio Buse<\/strong> (5e t\u00eate de s\u00e9rie) et le Fran\u00e7ais <strong>Arthur Rinderknech<\/strong> (4e t\u00eate de s\u00e9rie), avant de sortir le Suisse Jerome Kym dans un match perturb\u00e9 par la pluie et suspendu en cours de route.<\/p>\n<p style=\"font-size:16.5px;line-height:1.7;color:#2a2a2a;margin:0 0 16px;\">En demi-finale, samedi, il s&rsquo;est impos\u00e9 face \u00e0 <strong>Aleksandr Chevtchenko<\/strong> sur le score de <strong>6-4, 3-6, 6-3<\/strong>, au terme d&rsquo;un peu moins de deux heures de jeu hach\u00e9es par la m\u00e9t\u00e9o bernoise. Le sc\u00e9nario est assez repr\u00e9sentatif de son \u00e9tat de forme actuel : un premier set solide, un passage \u00e0 vide au deuxi\u00e8me, puis la capacit\u00e9 \u2014 retrouv\u00e9e \u2014 \u00e0 hausser le niveau dans la manche d\u00e9cisive plut\u00f4t que de subir.<\/p>\n<ul style=\"margin:6px 0 18px;padding:0;list-style:none;font-size:16px;\">\n<li style=\"margin:0 0 8px;padding-left:26px;position:relative;line-height:1.55;color:#2a2a2a;\"><span style=\"position:absolute;left:0;top:1px;color:#15803D;font-weight:800;\">\u2713<\/span>Un parcours \u00e0 Gstaad construit sur l&rsquo;\u00e9limination de plusieurs t\u00eates de s\u00e9rie<\/li>\n<li style=\"margin:0 0 8px;padding-left:26px;position:relative;line-height:1.55;color:#2a2a2a;\"><span style=\"position:absolute;left:0;top:1px;color:#15803D;font-weight:800;\">\u2713<\/span>Une demi-finale gagn\u00e9e en trois sets sous la pluie<\/li>\n<li style=\"margin:0 0 8px;padding-left:26px;position:relative;line-height:1.55;color:#2a2a2a;\"><span style=\"position:absolute;left:0;top:1px;color:#15803D;font-weight:800;\">\u2713<\/span>Une premi\u00e8re finale ATP depuis f\u00e9vrier 2025<\/li>\n<li style=\"margin:0 0 8px;padding-left:26px;position:relative;line-height:1.55;color:#2a2a2a;\"><span style=\"position:absolute;left:0;top:1px;color:#15803D;font-weight:800;\">\u2713<\/span>Un retour dans le top 60 d\u00e9j\u00e0 assur\u00e9 gr\u00e2ce \u00e0 cette semaine<\/li>\n<\/ul>\n<div style=\"border:1px solid #e6e8ee;border-radius:14px;padding:16px 18px;margin:22px 0;background:#fafbfc;font-family:-apple-system,BlinkMacSystemFont,'Segoe UI',Roboto,sans-serif;\">\n<div style=\"display:flex;align-items:center;gap:8px;margin-bottom:10px;\"><span style=\"font-size:11px;font-weight:800;letter-spacing:.06em;color:#fff;background:#FF0000;padding:3px 9px;border-radius:6px;\">\u25b6 YouTube<\/span><span style=\"font-size:13px;color:#667085;font-weight:600;\">Tennis TV<\/span><span style=\"margin-left:auto;font-size:13px;color:#667085;white-space:nowrap;\">71 160 vues<\/span><\/div>\n<p><a href=\"https:\/\/www.youtube.com\/watch?v=NIxCQJO29Ik\" target=\"_blank\" rel=\"noopener nofollow\" style=\"display:block;position:relative;border-radius:10px;overflow:hidden;text-decoration:none;\"><img decoding=\"async\" src=\"https:\/\/i.ytimg.com\/vi\/NIxCQJO29Ik\/hq720.jpg\" alt=\"Cerundolo vs Collignon &#038; Tsitsipas vs Shevchenko For A Place In The Final! | Gstaad 2026 Highlights\" style=\"width:100%;display:block;\"><span style=\"position:absolute;inset:0;display:flex;align-items:center;justify-content:center;background:rgba(0,0,0,.18);\"><span style=\"width:62px;height:62px;border-radius:50%;background:rgba(255,0,0,.92);display:flex;align-items:center;justify-content:center;color:#fff;font-size:24px;\">\u25b6<\/span><\/span><\/a><\/p>\n<div style=\"font-size:14px;color:#1a1a1a;font-weight:600;margin-top:10px;\">Cerundolo vs Collignon &#038; Tsitsipas vs Shevchenko For A Place In The Final! | Gstaad 2026 Highlights<\/div>\n<\/div>\n<blockquote style=\"margin:28px 0;padding:20px 26px;border-left:4px solid #15803D;background:#E7F3EC;border-radius:0 12px 12px 0;font-size:19px;line-height:1.5;font-style:italic;color:#1a1a1a;\"><p>\u00ab Men\u00e9 6-1, 5-3 et balle de match contre lui, Raphael Collignon a renvers\u00e9 Juan Manuel Cerundolo pour se qualifier pour la premi\u00e8re finale ATP de sa carri\u00e8re. \u00bb<\/p>\n<div style=\"font-size:13px;color:#667085;margin-top:10px;font-style:normal;\">\u2014 Demi-finale de Gstaad, samedi 18 juillet 2026<\/div>\n<\/blockquote>\n<h2 style=\"font-size:24px;line-height:1.25;margin:36px 0 14px;letter-spacing:-.01em;color:#1a1a1a;font-weight:800;\">Collignon, le sauvetage qui change une carri\u00e8re<\/h2>\n<p style=\"font-size:16.5px;line-height:1.7;color:#2a2a2a;margin:0 0 16px;\">L&rsquo;autre demi-finale, elle, restera dans les archives du tournoi. <strong>Raphael Collignon<\/strong>, 7e t\u00eate de s\u00e9rie et <strong>42e mondial<\/strong>, a \u00e9t\u00e9 men\u00e9 <strong>6-1<\/strong> puis <strong>5-3<\/strong> par l&rsquo;Argentin Juan Manuel Cerundolo, sp\u00e9cialiste de la terre battue. \u00c0 ce moment-l\u00e0, le Belge a d\u00fb \u00e9carter une <u>balle de match<\/u> pour rester dans la partie.<\/p>\n<p style=\"font-size:16.5px;line-height:1.7;color:#2a2a2a;margin:0 0 16px;\">Il l&rsquo;a fait, a arrach\u00e9 le tie-break <strong>7-5<\/strong>, puis a encore \u00e9t\u00e9 men\u00e9 <strong>5-2<\/strong> dans le troisi\u00e8me set avant d&rsquo;encha\u00eener les jeux pour s&rsquo;imposer <strong>1-6, 7-6(5), 7-5<\/strong> en environ deux heures et demie. Difficile de faire plus improbable comme acc\u00e8s \u00e0 une premi\u00e8re finale sur le circuit principal.<\/p>\n<p style=\"font-size:16.5px;line-height:1.7;color:#2a2a2a;margin:0 0 16px;\">Ce d\u00e9nouement n&rsquo;est pas totalement un hasard : Collignon avait d\u00e9j\u00e0 \u00e9t\u00e9 <strong>finaliste \u00e0 Gstaad l&rsquo;an dernier<\/strong> \u2014 sur un tableau o\u00f9 il n&rsquo;\u00e9tait pas all\u00e9 au bout \u2014 et le site suisse lui r\u00e9ussit visiblement. Sur la route, il a \u00e9galement sorti le Mon\u00e9gasque <strong>Valentin Vacherot<\/strong> (3e t\u00eate de s\u00e9rie) et le Norv\u00e9gien <strong>Casper Ruud<\/strong> (2e t\u00eate de s\u00e9rie), soit deux des plus gros noms du tableau.<\/p>\n<div style=\"border:1px solid #e6e8ee;border-radius:14px;padding:16px 18px;margin:22px 0;background:#fafbfc;font-family:-apple-system,BlinkMacSystemFont,'Segoe UI',Roboto,sans-serif;\">\n<div style=\"display:flex;align-items:center;gap:8px;margin-bottom:10px;\"><span style=\"font-size:11px;font-weight:800;letter-spacing:.06em;color:#fff;background:#FF0000;padding:3px 9px;border-radius:6px;\">\u25b6 YouTube<\/span><span style=\"font-size:13px;color:#667085;font-weight:600;\">ATP Tour<\/span><span style=\"margin-left:auto;font-size:13px;color:#667085;white-space:nowrap;\">4 250 vues<\/span><\/div>\n<p><a href=\"https:\/\/www.youtube.com\/watch?v=OqPbkhWU8x0\" target=\"_blank\" rel=\"noopener nofollow\" style=\"display:block;position:relative;border-radius:10px;overflow:hidden;text-decoration:none;\"><img decoding=\"async\" src=\"https:\/\/i.ytimg.com\/vi\/OqPbkhWU8x0\/hq720.jpg\" alt=\"Raphael Collignon vs Juan Manuel Cerundolo Highlights | Gstaad 2026 Semi-Final\" style=\"width:100%;display:block;\"><span style=\"position:absolute;inset:0;display:flex;align-items:center;justify-content:center;background:rgba(0,0,0,.18);\"><span style=\"width:62px;height:62px;border-radius:50%;background:rgba(255,0,0,.92);display:flex;align-items:center;justify-content:center;color:#fff;font-size:24px;\">\u25b6<\/span><\/span><\/a><\/p>\n<div style=\"font-size:14px;color:#1a1a1a;font-weight:600;margin-top:10px;\">Raphael Collignon vs Juan Manuel Cerundolo Highlights | Gstaad 2026 Semi-Final<\/div>\n<\/div>\n<h2 style=\"font-size:24px;line-height:1.25;margin:36px 0 14px;letter-spacing:-.01em;color:#1a1a1a;font-weight:800;\">Ce que la finale change au classement<\/h2>\n<p style=\"font-size:16.5px;line-height:1.7;color:#2a2a2a;margin:0 0 16px;\">Un ATP 250 ne rapporte pas les points d&rsquo;un Masters 1000, mais quand on est 85e mondial ou qu&rsquo;on court apr\u00e8s une premi\u00e8re finale, la m\u00e9canique du classement devient cruciale. Pour <strong>Tsitsipas<\/strong>, la qualification pour la finale garantit d\u00e9j\u00e0 un retour autour de la <strong>64e place<\/strong> mondiale ; une victoire dimanche le propulserait aux environs de la <strong>51e place<\/strong>.<\/p>\n<p style=\"font-size:16.5px;line-height:1.7;color:#2a2a2a;margin:0 0 16px;\">L&rsquo;enjeu est concret : remonter dans les cinquante premiers, c&rsquo;est retrouver des t\u00eates de s\u00e9rie sur les tournois d&rsquo;\u00e9t\u00e9 et \u00e9viter les tirages pi\u00e9geux d\u00e8s les premiers tours pendant la tourn\u00e9e am\u00e9ricaine sur dur, qui encha\u00eene juste derri\u00e8re.<\/p>\n<p style=\"font-size:16.5px;line-height:1.7;color:#2a2a2a;margin:0 0 16px;\">Pour <strong>Collignon<\/strong>, la m\u00e9canique est encore plus favorable. Le Belge est assur\u00e9 de progresser autour de la <strong>37e place<\/strong>, et un premier titre ATP l&rsquo;installerait aux alentours de la <strong>35e place<\/strong> mondiale \u2014 son meilleur classement en carri\u00e8re, et un statut qui change la nature de ses tirages sur les grands rendez-vous.<\/p>\n<p style=\"font-size:16.5px;line-height:1.7;color:#2a2a2a;margin:0 0 16px;\">Autre donn\u00e9e : les deux hommes ne se sont <strong>jamais affront\u00e9s<\/strong> sur le circuit. Pas d&rsquo;historique, pas de rep\u00e8res, ce qui rend le pronostic d&rsquo;autant plus ouvert entre un joueur qui a d\u00e9j\u00e0 disput\u00e9 des finales de Grand Chelem et un autre qui d\u00e9couvre l&rsquo;exercice.<\/p>\n<div style=\"border:1px solid #e6e8ee;border-radius:14px;padding:16px 18px;margin:22px 0;background:#fafbfc;font-family:-apple-system,BlinkMacSystemFont,'Segoe UI',Roboto,sans-serif;\">\n<div style=\"display:flex;align-items:center;gap:8px;margin-bottom:10px;\"><span style=\"font-size:11px;font-weight:800;letter-spacing:.06em;color:#fff;background:#FF0000;padding:3px 9px;border-radius:6px;\">\u25b6 YouTube<\/span><span style=\"font-size:13px;color:#667085;font-weight:600;\">ATP Tour<\/span><span style=\"margin-left:auto;font-size:13px;color:#667085;white-space:nowrap;\">6 042 vues<\/span><\/div>\n<p><a href=\"https:\/\/www.youtube.com\/watch?v=vfVkGwyfHN8\" target=\"_blank\" rel=\"noopener nofollow\" style=\"display:block;position:relative;border-radius:10px;overflow:hidden;text-decoration:none;\"><img decoding=\"async\" src=\"https:\/\/i.ytimg.com\/vi\/vfVkGwyfHN8\/hq720.jpg\" alt=\"Alexander Shevchenko vs Stefanos Tsitsipas Highlights | Gstaad 2026 Semi-Final\" style=\"width:100%;display:block;\"><span style=\"position:absolute;inset:0;display:flex;align-items:center;justify-content:center;background:rgba(0,0,0,.18);\"><span style=\"width:62px;height:62px;border-radius:50%;background:rgba(255,0,0,.92);display:flex;align-items:center;justify-content:center;color:#fff;font-size:24px;\">\u25b6<\/span><\/span><\/a><\/p>\n<div style=\"font-size:14px;color:#1a1a1a;font-weight:600;margin-top:10px;\">Alexander Shevchenko vs Stefanos Tsitsipas Highlights | Gstaad 2026 Semi-Final<\/div>\n<\/div>\n<h2 style=\"font-size:24px;line-height:1.25;margin:36px 0 14px;letter-spacing:-.01em;color:#1a1a1a;font-weight:800;\">Une semaine de terre battue avant le grand virage am\u00e9ricain<\/h2>\n<p style=\"font-size:16.5px;line-height:1.7;color:#2a2a2a;margin:0 0 16px;\">Gstaad fait partie de ce petit chapelet de tournois sur terre battue europ\u00e9enne qui suit imm\u00e9diatement Wimbledon, avec Bastad en Su\u00e8de et Umag en Croatie la m\u00eame semaine. Une fen\u00eatre courte, souvent d\u00e9laiss\u00e9e par les tout meilleurs mondiaux, mais pr\u00e9cieuse pour deux cat\u00e9gories de joueurs : ceux qui doivent reconstruire un classement, et ceux qui cherchent \u00e0 franchir un palier.<\/p>\n<p style=\"font-size:16.5px;line-height:1.7;color:#2a2a2a;margin:0 0 16px;\">Le Swiss Open, disput\u00e9 \u00e0 la <strong>Roy Emerson Arena<\/strong>, en est l&rsquo;illustration parfaite. Sur le papier, la t\u00eate d&rsquo;affiche \u00e9tait <strong>Alexander Bublik<\/strong>, t\u00eate de s\u00e9rie num\u00e9ro 1, devant <strong>Casper Ruud<\/strong>, <strong>Valentin Vacherot<\/strong> et <strong>Arthur Rinderknech<\/strong>. Sur le court, les quatre ont \u00e9t\u00e9 balay\u00e9s du tableau, et la finale oppose un ancien top 3 en reconstruction \u00e0 un joueur qui n&rsquo;avait jamais d\u00e9pass\u00e9 ce stade.<\/p>\n<p style=\"font-size:16.5px;line-height:1.7;color:#2a2a2a;margin:0 0 16px;\">Derri\u00e8re, le calendrier bascule vers le dur nord-am\u00e9ricain et la pr\u00e9paration du dernier Grand Chelem de la saison. Autant dire que les points et la confiance gratt\u00e9s cette semaine en Suisse ne sont pas anecdotiques : pour Tsitsipas, c&rsquo;est peut-\u00eatre la meilleure fen\u00eatre de l&rsquo;ann\u00e9e pour relancer une saison compliqu\u00e9e ; pour Collignon, l&rsquo;occasion d&rsquo;arriver aux \u00c9tats-Unis avec un statut in\u00e9dit.<\/p>\n<div style=\"background:#1a1a1a;border-radius:14px;padding:22px 26px;margin:30px 0 8px;font-family:-apple-system,BlinkMacSystemFont,'Segoe UI',Roboto,sans-serif;\">\n<div style=\"font-size:12px;font-weight:800;letter-spacing:.16em;text-transform:uppercase;color:#15803D;margin-bottom:8px;\">\ud83c\udfaf \u00c0 retenir<\/div>\n<div style=\"font-size:17px;line-height:1.6;color:#f0f0f0;\">Gstaad 2026 offre une finale de contrastes : Stefanos Tsitsipas, 85e mondial, y joue sa premi\u00e8re finale ATP depuis f\u00e9vrier 2025, face \u00e0 Raphael Collignon, 42e mondial, qui dispute la premi\u00e8re de sa carri\u00e8re apr\u00e8s avoir sauv\u00e9 une balle de match en demie. Les deux repartiront avec un classement nettement am\u00e9lior\u00e9 avant la tourn\u00e9e am\u00e9ricaine.<\/div>\n<\/div>\n","protected":false},"excerpt":{"rendered":"","protected":false},"author":40,"featured_media":7695,"comment_status":"open","ping_status":"open","sticky":false,"template":"","format":"standard","meta":{"_acf_changed":false,"manual_indexmenow":false,"indexmenow_id_project":0,"footnotes":""},"categories":[4520],"tags":[],"class_list":["post-7694","post","type-post","status-publish","format-standard","has-post-thumbnail","hentry","category-actualites-tennis","generate-columns","tablet-grid-50","mobile-grid-100","grid-parent","grid-25"],"acf":[],"yoast_head":"<!-- This site is optimized with the Yoast SEO Premium plugin v21.3 (Yoast SEO v26.5) - https:\/\/yoast.com\/wordpress\/plugins\/seo\/ -->\n<title>Gstaad 2026 : Tsitsipas retrouve une finale ATP seize mois apr\u00e8s, Collignon d\u00e9couvre la sienne<\/title>\n<meta name=\"description\" content=\"Il aura fallu attendre seize mois. Stefanos Tsitsipas, 85e joueur mondial et sorti des radars depuis l&#039;hiver 2025, s&#039;est qualifi\u00e9 samedi 18 juillet pour\" \/>\n<meta name=\"robots\" content=\"index, follow, max-snippet:-1, max-image-preview:large, max-video-preview:-1\" \/>\n<link rel=\"canonical\" href=\"https:\/\/tennis51.fr\/blog\/actualites-tennis\/gstaad-2026-tsitsipas-retrouve-une-finale-atp-seize-mois-apres-collign\/\" \/>\n<meta property=\"og:locale\" content=\"fr_FR\" \/>\n<meta property=\"og:type\" content=\"article\" \/>\n<meta property=\"og:title\" content=\"Gstaad 2026 : Tsitsipas retrouve une finale ATP seize mois apr\u00e8s, Collignon d\u00e9couvre la sienne\" \/>\n<meta property=\"og:description\" content=\"Il aura fallu attendre seize mois. Stefanos Tsitsipas, 85e joueur mondial et sorti des radars depuis l&#039;hiver 2025, s&#039;est qualifi\u00e9 samedi 18 juillet pour\" \/>\n<meta property=\"og:url\" content=\"https:\/\/tennis51.fr\/blog\/actualites-tennis\/gstaad-2026-tsitsipas-retrouve-une-finale-atp-seize-mois-apres-collign\/\" \/>\n<meta property=\"og:site_name\" content=\"tennis51\" \/>\n<meta property=\"og:image\" content=\"https:\/\/i.ytimg.com\/vi\/NIxCQJO29Ik\/hq720.jpg\" \/>\n<meta name=\"author\" content=\"Claire Lefevre\" \/>\n<meta name=\"twitter:card\" content=\"summary_large_image\" \/>\n<script type=\"application\/ld+json\" class=\"yoast-schema-graph\">{\"@context\":\"https:\/\/schema.org\",\"@graph\":[{\"@type\":\"NewsArticle\",\"@id\":\"https:\/\/tennis51.fr\/blog\/actualites-tennis\/gstaad-2026-tsitsipas-retrouve-une-finale-atp-seize-mois-apres-collign\/#article\",\"isPartOf\":{\"@id\":\"https:\/\/tennis51.fr\/blog\/actualites-tennis\/gstaad-2026-tsitsipas-retrouve-une-finale-atp-seize-mois-apres-collign\/\"},\"author\":{\"name\":\"Claire Lefevre\",\"@id\":\"https:\/\/tennis51.fr\/blog\/#\/schema\/person\/77836fd85ace85fe81680f52440090ed\"},\"headline\":\"Gstaad 2026 : Tsitsipas retrouve une finale ATP seize mois apr\u00e8s, Collignon d\u00e9couvre la sienne\",\"datePublished\":\"2026-07-19T08:05:20+00:00\",\"mainEntityOfPage\":{\"@id\":\"https:\/\/tennis51.fr\/blog\/actualites-tennis\/gstaad-2026-tsitsipas-retrouve-une-finale-atp-seize-mois-apres-collign\/\"},\"wordCount\":1263,\"commentCount\":0,\"publisher\":{\"@id\":\"https:\/\/tennis51.fr\/blog\/#organization\"},\"image\":{\"@id\":\"https:\/\/tennis51.fr\/blog\/actualites-tennis\/gstaad-2026-tsitsipas-retrouve-une-finale-atp-seize-mois-apres-collign\/#primaryimage\"},\"thumbnailUrl\":\"https:\/\/tennis51.fr\/blog\/wp-content\/uploads\/2026\/07\/pexels_tennis51_fr_7694_3845084-scaled.jpg\",\"articleSection\":[\"Actualit\u00e9s Tennis\"],\"inLanguage\":\"fr-FR\",\"potentialAction\":[{\"@type\":\"CommentAction\",\"name\":\"Comment\",\"target\":[\"https:\/\/tennis51.fr\/blog\/actualites-tennis\/gstaad-2026-tsitsipas-retrouve-une-finale-atp-seize-mois-apres-collign\/#respond\"]}]},{\"@type\":\"WebPage\",\"@id\":\"https:\/\/tennis51.fr\/blog\/actualites-tennis\/gstaad-2026-tsitsipas-retrouve-une-finale-atp-seize-mois-apres-collign\/\",\"url\":\"https:\/\/tennis51.fr\/blog\/actualites-tennis\/gstaad-2026-tsitsipas-retrouve-une-finale-atp-seize-mois-apres-collign\/\",\"name\":\"Gstaad 2026 : Tsitsipas retrouve une finale ATP seize mois apr\u00e8s, Collignon d\u00e9couvre la sienne\",\"isPartOf\":{\"@id\":\"https:\/\/tennis51.fr\/blog\/#website\"},\"primaryImageOfPage\":{\"@id\":\"https:\/\/tennis51.fr\/blog\/actualites-tennis\/gstaad-2026-tsitsipas-retrouve-une-finale-atp-seize-mois-apres-collign\/#primaryimage\"},\"image\":{\"@id\":\"https:\/\/tennis51.fr\/blog\/actualites-tennis\/gstaad-2026-tsitsipas-retrouve-une-finale-atp-seize-mois-apres-collign\/#primaryimage\"},\"thumbnailUrl\":\"https:\/\/tennis51.fr\/blog\/wp-content\/uploads\/2026\/07\/pexels_tennis51_fr_7694_3845084-scaled.jpg\",\"datePublished\":\"2026-07-19T08:05:20+00:00\",\"description\":\"Il aura fallu attendre seize mois. Stefanos Tsitsipas, 85e joueur mondial et sorti des radars depuis l'hiver 2025, s'est qualifi\u00e9 samedi 18 juillet pour\",\"inLanguage\":\"fr-FR\",\"potentialAction\":[{\"@type\":\"ReadAction\",\"target\":[\"https:\/\/tennis51.fr\/blog\/actualites-tennis\/gstaad-2026-tsitsipas-retrouve-une-finale-atp-seize-mois-apres-collign\/\"]}]},{\"@type\":\"ImageObject\",\"inLanguage\":\"fr-FR\",\"@id\":\"https:\/\/tennis51.fr\/blog\/actualites-tennis\/gstaad-2026-tsitsipas-retrouve-une-finale-atp-seize-mois-apres-collign\/#primaryimage\",\"url\":\"https:\/\/tennis51.fr\/blog\/wp-content\/uploads\/2026\/07\/pexels_tennis51_fr_7694_3845084-scaled.jpg\",\"contentUrl\":\"https:\/\/tennis51.fr\/blog\/wp-content\/uploads\/2026\/07\/pexels_tennis51_fr_7694_3845084-scaled.jpg\",\"width\":1200,\"height\":674,\"caption\":\"Drone shot showcasing tennis courts, parked cars, and residential area.\"},{\"@type\":\"WebSite\",\"@id\":\"https:\/\/tennis51.fr\/blog\/#website\",\"url\":\"https:\/\/tennis51.fr\/blog\/\",\"name\":\"Tennis 51\",\"description\":\"Tennis 51, le service gagnant sur le court\",\"publisher\":{\"@id\":\"https:\/\/tennis51.fr\/blog\/#organization\"},\"alternateName\":\"Tennis 51, le service gagnant sur le court\",\"potentialAction\":[{\"@type\":\"SearchAction\",\"target\":{\"@type\":\"EntryPoint\",\"urlTemplate\":\"https:\/\/tennis51.fr\/blog\/?s={search_term_string}\"},\"query-input\":{\"@type\":\"PropertyValueSpecification\",\"valueRequired\":true,\"valueName\":\"search_term_string\"}}],\"inLanguage\":\"fr-FR\"},{\"@type\":\"Organization\",\"@id\":\"https:\/\/tennis51.fr\/blog\/#organization\",\"name\":\"Tennis 51\",\"alternateName\":\"Tennis51\",\"url\":\"https:\/\/tennis51.fr\/blog\/\",\"logo\":{\"@type\":\"ImageObject\",\"inLanguage\":\"fr-FR\",\"@id\":\"https:\/\/tennis51.fr\/blog\/#\/schema\/logo\/image\/\",\"url\":\"https:\/\/tennis51.fr\/blog\/wp-content\/uploads\/2024\/12\/40.png\",\"contentUrl\":\"https:\/\/tennis51.fr\/blog\/wp-content\/uploads\/2024\/12\/40.png\",\"width\":500,\"height\":500,\"caption\":\"Tennis 51\"},\"image\":{\"@id\":\"https:\/\/tennis51.fr\/blog\/#\/schema\/logo\/image\/\"}},{\"@type\":\"Person\",\"@id\":\"https:\/\/tennis51.fr\/blog\/#\/schema\/person\/77836fd85ace85fe81680f52440090ed\",\"name\":\"Claire Lefevre\",\"image\":{\"@type\":\"ImageObject\",\"inLanguage\":\"fr-FR\",\"@id\":\"https:\/\/tennis51.fr\/blog\/#\/schema\/person\/image\/\",\"url\":\"https:\/\/secure.gravatar.com\/avatar\/?s=96&d=mm&r=g\",\"contentUrl\":\"https:\/\/secure.gravatar.com\/avatar\/?s=96&d=mm&r=g\",\"caption\":\"Claire Lefevre\"},\"description\":\"Coach de tennis dipl\u00f4m\u00e9e avec 15 ans d\u2019exp\u00e9rience, Claire partage des conseils techniques, des strat\u00e9gies d\u2019entra\u00eenement et des exercices pratiques pour les joueurs de tous niveaux.\",\"sameAs\":[\"https:\/\/clairelefevre.fr\/\"],\"url\":\"https:\/\/tennis51.fr\/blog\/auteur\/claire-lefevre\/\",\"jobTitle\":\"Contributrice mutuelle sant\u00e9\",\"email\":\"claire.lefevre@starstory.fr\"}]}<\/script>\n<!-- \/ Yoast SEO Premium plugin. -->","yoast_head_json":{"title":"Gstaad 2026 : Tsitsipas retrouve une finale ATP seize mois apr\u00e8s, Collignon d\u00e9couvre la sienne","description":"Il aura fallu attendre seize mois. Stefanos Tsitsipas, 85e joueur mondial et sorti des radars depuis l'hiver 2025, s'est qualifi\u00e9 samedi 18 juillet pour","robots":{"index":"index","follow":"follow","max-snippet":"max-snippet:-1","max-image-preview":"max-image-preview:large","max-video-preview":"max-video-preview:-1"},"canonical":"https:\/\/tennis51.fr\/blog\/actualites-tennis\/gstaad-2026-tsitsipas-retrouve-une-finale-atp-seize-mois-apres-collign\/","og_locale":"fr_FR","og_type":"article","og_title":"Gstaad 2026 : Tsitsipas retrouve une finale ATP seize mois apr\u00e8s, Collignon d\u00e9couvre la sienne","og_description":"Il aura fallu attendre seize mois. Stefanos Tsitsipas, 85e joueur mondial et sorti des radars depuis l'hiver 2025, s'est qualifi\u00e9 samedi 18 juillet pour","og_url":"https:\/\/tennis51.fr\/blog\/actualites-tennis\/gstaad-2026-tsitsipas-retrouve-une-finale-atp-seize-mois-apres-collign\/","og_site_name":"tennis51","og_image":[{"url":"https:\/\/i.ytimg.com\/vi\/NIxCQJO29Ik\/hq720.jpg","type":"","width":"","height":""}],"author":"Claire Lefevre","twitter_card":"summary_large_image","schema":{"@context":"https:\/\/schema.org","@graph":[{"@type":"NewsArticle","@id":"https:\/\/tennis51.fr\/blog\/actualites-tennis\/gstaad-2026-tsitsipas-retrouve-une-finale-atp-seize-mois-apres-collign\/#article","isPartOf":{"@id":"https:\/\/tennis51.fr\/blog\/actualites-tennis\/gstaad-2026-tsitsipas-retrouve-une-finale-atp-seize-mois-apres-collign\/"},"author":{"name":"Claire Lefevre","@id":"https:\/\/tennis51.fr\/blog\/#\/schema\/person\/77836fd85ace85fe81680f52440090ed"},"headline":"Gstaad 2026 : Tsitsipas retrouve une finale ATP seize mois apr\u00e8s, Collignon d\u00e9couvre la sienne","datePublished":"2026-07-19T08:05:20+00:00","mainEntityOfPage":{"@id":"https:\/\/tennis51.fr\/blog\/actualites-tennis\/gstaad-2026-tsitsipas-retrouve-une-finale-atp-seize-mois-apres-collign\/"},"wordCount":1263,"commentCount":0,"publisher":{"@id":"https:\/\/tennis51.fr\/blog\/#organization"},"image":{"@id":"https:\/\/tennis51.fr\/blog\/actualites-tennis\/gstaad-2026-tsitsipas-retrouve-une-finale-atp-seize-mois-apres-collign\/#primaryimage"},"thumbnailUrl":"https:\/\/tennis51.fr\/blog\/wp-content\/uploads\/2026\/07\/pexels_tennis51_fr_7694_3845084-scaled.jpg","articleSection":["Actualit\u00e9s Tennis"],"inLanguage":"fr-FR","potentialAction":[{"@type":"CommentAction","name":"Comment","target":["https:\/\/tennis51.fr\/blog\/actualites-tennis\/gstaad-2026-tsitsipas-retrouve-une-finale-atp-seize-mois-apres-collign\/#respond"]}]},{"@type":"WebPage","@id":"https:\/\/tennis51.fr\/blog\/actualites-tennis\/gstaad-2026-tsitsipas-retrouve-une-finale-atp-seize-mois-apres-collign\/","url":"https:\/\/tennis51.fr\/blog\/actualites-tennis\/gstaad-2026-tsitsipas-retrouve-une-finale-atp-seize-mois-apres-collign\/","name":"Gstaad 2026 : Tsitsipas retrouve une finale ATP seize mois apr\u00e8s, Collignon d\u00e9couvre la sienne","isPartOf":{"@id":"https:\/\/tennis51.fr\/blog\/#website"},"primaryImageOfPage":{"@id":"https:\/\/tennis51.fr\/blog\/actualites-tennis\/gstaad-2026-tsitsipas-retrouve-une-finale-atp-seize-mois-apres-collign\/#primaryimage"},"image":{"@id":"https:\/\/tennis51.fr\/blog\/actualites-tennis\/gstaad-2026-tsitsipas-retrouve-une-finale-atp-seize-mois-apres-collign\/#primaryimage"},"thumbnailUrl":"https:\/\/tennis51.fr\/blog\/wp-content\/uploads\/2026\/07\/pexels_tennis51_fr_7694_3845084-scaled.jpg","datePublished":"2026-07-19T08:05:20+00:00","description":"Il aura fallu attendre seize mois. Stefanos Tsitsipas, 85e joueur mondial et sorti des radars depuis l'hiver 2025, s'est qualifi\u00e9 samedi 18 juillet pour","inLanguage":"fr-FR","potentialAction":[{"@type":"ReadAction","target":["https:\/\/tennis51.fr\/blog\/actualites-tennis\/gstaad-2026-tsitsipas-retrouve-une-finale-atp-seize-mois-apres-collign\/"]}]},{"@type":"ImageObject","inLanguage":"fr-FR","@id":"https:\/\/tennis51.fr\/blog\/actualites-tennis\/gstaad-2026-tsitsipas-retrouve-une-finale-atp-seize-mois-apres-collign\/#primaryimage","url":"https:\/\/tennis51.fr\/blog\/wp-content\/uploads\/2026\/07\/pexels_tennis51_fr_7694_3845084-scaled.jpg","contentUrl":"https:\/\/tennis51.fr\/blog\/wp-content\/uploads\/2026\/07\/pexels_tennis51_fr_7694_3845084-scaled.jpg","width":1200,"height":674,"caption":"Drone shot showcasing tennis courts, parked cars, and residential area."},{"@type":"WebSite","@id":"https:\/\/tennis51.fr\/blog\/#website","url":"https:\/\/tennis51.fr\/blog\/","name":"Tennis 51","description":"Tennis 51, le service gagnant sur le court","publisher":{"@id":"https:\/\/tennis51.fr\/blog\/#organization"},"alternateName":"Tennis 51, le service gagnant sur le court","potentialAction":[{"@type":"SearchAction","target":{"@type":"EntryPoint","urlTemplate":"https:\/\/tennis51.fr\/blog\/?s={search_term_string}"},"query-input":{"@type":"PropertyValueSpecification","valueRequired":true,"valueName":"search_term_string"}}],"inLanguage":"fr-FR"},{"@type":"Organization","@id":"https:\/\/tennis51.fr\/blog\/#organization","name":"Tennis 51","alternateName":"Tennis51","url":"https:\/\/tennis51.fr\/blog\/","logo":{"@type":"ImageObject","inLanguage":"fr-FR","@id":"https:\/\/tennis51.fr\/blog\/#\/schema\/logo\/image\/","url":"https:\/\/tennis51.fr\/blog\/wp-content\/uploads\/2024\/12\/40.png","contentUrl":"https:\/\/tennis51.fr\/blog\/wp-content\/uploads\/2024\/12\/40.png","width":500,"height":500,"caption":"Tennis 51"},"image":{"@id":"https:\/\/tennis51.fr\/blog\/#\/schema\/logo\/image\/"}},{"@type":"Person","@id":"https:\/\/tennis51.fr\/blog\/#\/schema\/person\/77836fd85ace85fe81680f52440090ed","name":"Claire Lefevre","image":{"@type":"ImageObject","inLanguage":"fr-FR","@id":"https:\/\/tennis51.fr\/blog\/#\/schema\/person\/image\/","url":"https:\/\/secure.gravatar.com\/avatar\/?s=96&d=mm&r=g","contentUrl":"https:\/\/secure.gravatar.com\/avatar\/?s=96&d=mm&r=g","caption":"Claire Lefevre"},"description":"Coach de tennis dipl\u00f4m\u00e9e avec 15 ans d\u2019exp\u00e9rience, Claire partage des conseils techniques, des strat\u00e9gies d\u2019entra\u00eenement et des exercices pratiques pour les joueurs de tous niveaux.","sameAs":["https:\/\/clairelefevre.fr\/"],"url":"https:\/\/tennis51.fr\/blog\/auteur\/claire-lefevre\/","jobTitle":"Contributrice mutuelle sant\u00e9","email":"claire.lefevre@starstory.fr"}]}},"_links":{"self":[{"href":"https:\/\/tennis51.fr\/blog\/wp-json\/wp\/v2\/posts\/7694","targetHints":{"allow":["GET"]}}],"collection":[{"href":"https:\/\/tennis51.fr\/blog\/wp-json\/wp\/v2\/posts"}],"about":[{"href":"https:\/\/tennis51.fr\/blog\/wp-json\/wp\/v2\/types\/post"}],"author":[{"embeddable":true,"href":"https:\/\/tennis51.fr\/blog\/wp-json\/wp\/v2\/users\/40"}],"replies":[{"embeddable":true,"href":"https:\/\/tennis51.fr\/blog\/wp-json\/wp\/v2\/comments?post=7694"}],"version-history":[{"count":0,"href":"https:\/\/tennis51.fr\/blog\/wp-json\/wp\/v2\/posts\/7694\/revisions"}],"wp:featuredmedia":[{"embeddable":true,"href":"https:\/\/tennis51.fr\/blog\/wp-json\/wp\/v2\/media\/7695"}],"wp:attachment":[{"href":"https:\/\/tennis51.fr\/blog\/wp-json\/wp\/v2\/media?parent=7694"}],"wp:term":[{"taxonomy":"category","embeddable":true,"href":"https:\/\/tennis51.fr\/blog\/wp-json\/wp\/v2\/categories?post=7694"},{"taxonomy":"post_tag","embeddable":true,"href":"https:\/\/tennis51.fr\/blog\/wp-json\/wp\/v2\/tags?post=7694"}],"curies":[{"name":"wp","href":"https:\/\/api.w.org\/{rel}","templated":true}]}}