{"id":7675,"date":"2026-06-25T10:07:55","date_gmt":"2026-06-25T08:07:55","guid":{"rendered":"https:\/\/tennis51.fr\/blog\/actualites-tennis\/wimbledon-2026-alcaraz-forfait-djokovic-relegue-et-un-record-de-13-fra\/"},"modified":"2026-06-25T10:07:55","modified_gmt":"2026-06-25T08:07:55","slug":"wimbledon-2026-alcaraz-forfait-djokovic-relegue-et-un-record-de-13-fra","status":"publish","type":"post","link":"https:\/\/tennis51.fr\/blog\/actualites-tennis\/wimbledon-2026-alcaraz-forfait-djokovic-relegue-et-un-record-de-13-fra\/","title":{"rendered":"Wimbledon 2026 : Alcaraz forfait, Djokovic rel\u00e9gu\u00e9 et un record de 13 Fran\u00e7ais au tableau"},"content":{"rendered":"<p style=\"font-size:18px;line-height:1.65;color:#1a1a1a;\">\u00c0 quelques jours du coup d&rsquo;envoi, Wimbledon 2026 d\u00e9voile d\u00e9j\u00e0 son visage. La 139e \u00e9dition du plus prestigieux tournoi du circuit d\u00e9bute le lundi 29 juin sur le gazon londonien, avec un tableau masculin boulevers\u00e9 par le forfait de Carlos Alcaraz, un Novak Djokovic rel\u00e9gu\u00e9 au septi\u00e8me rang et surtout une d\u00e9l\u00e9gation fran\u00e7aise historique. Le tirage au sort, attendu ce vendredi 26 juin, va figer un mois de juillet \u00e0 enjeux. Tour d&rsquo;horizon de ce qu&rsquo;il faut retenir avant la premi\u00e8re balle.<\/p>\n<div style=\"background:#E7F3EC;border:1px solid #15803D33;border-radius:14px;padding:20px 24px;margin:26px 0;font-family:-apple-system,BlinkMacSystemFont,'Segoe UI',Roboto,sans-serif;\">\n<div style=\"font-size:12px;font-weight:800;letter-spacing:.14em;text-transform:uppercase;color:#15803D;margin-bottom:12px;\">\u26a1 En bref<\/div>\n<ul style=\"margin:0;padding:0;list-style:none;font-size:15.5px;color:#1a1a1a;\">\n<li style=\"margin:0 0 8px;padding-left:24px;position:relative;line-height:1.5;\"><span style=\"position:absolute;left:0;color:#15803D;font-weight:800;\">\u25b8<\/span>Wimbledon 2026 se d\u00e9roule du <strong>29 juin au 12 juillet<\/strong> \u00e0 Londres, pour sa 139e \u00e9dition.<\/li>\n<li style=\"margin:0 0 8px;padding-left:24px;position:relative;line-height:1.5;\"><span style=\"position:absolute;left:0;color:#15803D;font-weight:800;\">\u25b8<\/span>Jannik Sinner, tenant du titre, est t\u00eate de s\u00e9rie n\u00b01 ; <strong>Carlos Alcaraz est forfait<\/strong> (poignet).<\/li>\n<li style=\"margin:0 0 8px;padding-left:24px;position:relative;line-height:1.5;\"><span style=\"position:absolute;left:0;color:#15803D;font-weight:800;\">\u25b8<\/span>Trois Fran\u00e7ais sont prot\u00e9g\u00e9s chez les hommes : <strong>Arthur Fils (20), Arthur Rinderknech (25), Ugo Humbert (30)<\/strong>.<\/li>\n<li style=\"margin:0 0 8px;padding-left:24px;position:relative;line-height:1.5;\"><span style=\"position:absolute;left:0;color:#15803D;font-weight:800;\">\u25b8<\/span>La dotation atteint un record de <strong>64,2 millions de livres<\/strong>, en hausse de 20 % sur un an.<\/li>\n<\/ul>\n<\/div>\n<div style=\"display:flex;flex-wrap:wrap;gap:12px;margin:24px 0;\">\n<div style=\"flex:1;min-width:120px;background:#fff;border:1px solid #e6e8ee;border-top:3px solid #15803D;border-radius:12px;padding:16px 18px;text-align:center;\">\n<div style=\"font-size:26px;font-weight:800;color:#15803D;line-height:1.1;letter-spacing:-.01em;\">64,2 M\u00a3<\/div>\n<div style=\"font-size:12.5px;color:#667085;margin-top:6px;line-height:1.3;\">Dotation totale record (+20 %)<\/div>\n<\/div>\n<div style=\"flex:1;min-width:120px;background:#fff;border:1px solid #e6e8ee;border-top:3px solid #15803D;border-radius:12px;padding:16px 18px;text-align:center;\">\n<div style=\"font-size:26px;font-weight:800;color:#15803D;line-height:1.1;letter-spacing:-.01em;\">3,6 M\u00a3<\/div>\n<div style=\"font-size:12.5px;color:#667085;margin-top:6px;line-height:1.3;\">Ch\u00e8que pour chaque champion en simple<\/div>\n<\/div>\n<div style=\"flex:1;min-width:120px;background:#fff;border:1px solid #e6e8ee;border-top:3px solid #15803D;border-radius:12px;padding:16px 18px;text-align:center;\">\n<div style=\"font-size:26px;font-weight:800;color:#15803D;line-height:1.1;letter-spacing:-.01em;\">13<\/div>\n<div style=\"font-size:12.5px;color:#667085;margin-top:6px;line-height:1.3;\">Fran\u00e7ais au tableau final, un record<\/div>\n<\/div>\n<div style=\"flex:1;min-width:120px;background:#fff;border:1px solid #e6e8ee;border-top:3px solid #15803D;border-radius:12px;padding:16px 18px;text-align:center;\">\n<div style=\"font-size:26px;font-weight:800;color:#15803D;line-height:1.1;letter-spacing:-.01em;\">139e<\/div>\n<div style=\"font-size:12.5px;color:#667085;margin-top:6px;line-height:1.3;\">\u00c9dition du tournoi londonien<\/div>\n<\/div>\n<\/div>\n<h2 style=\"font-size:24px;line-height:1.25;margin:36px 0 14px;letter-spacing:-.01em;color:#1a1a1a;font-weight:800;\">Un tableau masculin sans Alcaraz, Sinner en patron<\/h2>\n<p style=\"font-size:16.5px;line-height:1.7;color:#2a2a2a;margin:0 0 16px;\">Le num\u00e9ro un mondial <strong>Jannik Sinner<\/strong>, vainqueur sortant, m\u00e8ne logiquement le tableau masculin en tant que t\u00eate de s\u00e9rie n\u00b01. L&rsquo;Italien retrouve <strong>Alexander Zverev<\/strong>, class\u00e9 n\u00b02 et plac\u00e9 \u00e0 l&rsquo;oppos\u00e9 du tableau, dans une configuration qui rappelle celle de Roland-Garros.<\/p>\n<p style=\"font-size:16.5px;line-height:1.7;color:#2a2a2a;margin:0 0 16px;\">La grande surprise vient de l&rsquo;absence de <strong>Carlos Alcaraz<\/strong>. Bless\u00e9 au poignet, l&rsquo;Espagnol d\u00e9clare forfait et laisse un vide b\u00e9ant en haut de l&rsquo;affiche. Sa d\u00e9fection rebat les cartes et ouvre la porte \u00e0 de nouveaux pr\u00e9tendants.<\/p>\n<p style=\"font-size:16.5px;line-height:1.7;color:#2a2a2a;margin:0 0 16px;\">Autre signal fort : <strong>F\u00e9lix Auger-Aliassime<\/strong> h\u00e9rite pour la premi\u00e8re fois de sa carri\u00e8re du statut de t\u00eate de s\u00e9rie n\u00b03 dans un Grand Chelem. Le Canadien confirme sa mont\u00e9e en puissance sur gazon.<\/p>\n<ul style=\"margin:6px 0 18px;padding:0;list-style:none;font-size:16px;\">\n<li style=\"margin:0 0 8px;padding-left:26px;position:relative;line-height:1.55;color:#2a2a2a;\"><span style=\"position:absolute;left:0;top:1px;color:#15803D;font-weight:800;\">\u2713<\/span>1. Jannik Sinner (tenant du titre)<\/li>\n<li style=\"margin:0 0 8px;padding-left:26px;position:relative;line-height:1.55;color:#2a2a2a;\"><span style=\"position:absolute;left:0;top:1px;color:#15803D;font-weight:800;\">\u2713<\/span>2. Alexander Zverev<\/li>\n<li style=\"margin:0 0 8px;padding-left:26px;position:relative;line-height:1.55;color:#2a2a2a;\"><span style=\"position:absolute;left:0;top:1px;color:#15803D;font-weight:800;\">\u2713<\/span>3. F\u00e9lix Auger-Aliassime<\/li>\n<li style=\"margin:0 0 8px;padding-left:26px;position:relative;line-height:1.55;color:#2a2a2a;\"><span style=\"position:absolute;left:0;top:1px;color:#15803D;font-weight:800;\">\u2713<\/span>7. Novak Djokovic<\/li>\n<\/ul>\n<div style=\"border:1px solid #e6e8ee;border-radius:14px;padding:16px 18px;margin:22px 0;background:#fafbfc;font-family:-apple-system,BlinkMacSystemFont,'Segoe UI',Roboto,sans-serif;\">\n<div style=\"display:flex;align-items:center;gap:8px;margin-bottom:10px;\"><span style=\"font-size:11px;font-weight:800;letter-spacing:.06em;color:#fff;background:#FF0000;padding:3px 9px;border-radius:6px;\">\u25b6 YouTube<\/span><span style=\"font-size:13px;color:#667085;font-weight:600;\">Wimbledon (cha\u00eene officielle)<\/span><span style=\"margin-left:auto;font-size:13px;color:#667085;white-space:nowrap;\">27 183 vues<\/span><\/div>\n<p><a href=\"https:\/\/www.youtube.com\/watch?v=L21dd0mOTLo\" target=\"_blank\" rel=\"noopener nofollow\" style=\"display:block;position:relative;border-radius:10px;overflow:hidden;text-decoration:none;\"><img decoding=\"async\" src=\"https:\/\/i.ytimg.com\/vi\/L21dd0mOTLo\/hq720.jpg\" alt=\"Wimbledon 2026: Where Beauty Meets the Battle\" style=\"width:100%;display:block;\"><span style=\"position:absolute;inset:0;display:flex;align-items:center;justify-content:center;background:rgba(0,0,0,.18);\"><span style=\"width:62px;height:62px;border-radius:50%;background:rgba(255,0,0,.92);display:flex;align-items:center;justify-content:center;color:#fff;font-size:24px;\">\u25b6<\/span><\/span><\/a><\/p>\n<div style=\"font-size:14px;color:#1a1a1a;font-weight:600;margin-top:10px;\">Wimbledon 2026: Where Beauty Meets the Battle<\/div>\n<\/div>\n<blockquote style=\"margin:28px 0;padding:20px 26px;border-left:4px solid #15803D;background:#E7F3EC;border-radius:0 12px 12px 0;font-size:19px;line-height:1.5;font-style:italic;color:#1a1a1a;\"><p>\u00ab Djokovic n&rsquo;avait plus \u00e9t\u00e9 class\u00e9 aussi bas parmi les t\u00eates de s\u00e9rie d&rsquo;un Grand Chelem depuis Wimbledon 2018 \u2014 un tournoi qu&rsquo;il avait pourtant remport\u00e9. \u00bb<\/p>\n<div style=\"font-size:13px;color:#667085;margin-top:10px;font-style:normal;\">\u2014 D&rsquo;apr\u00e8s les classements ATP avant tirage<\/div>\n<\/blockquote>\n<h2 style=\"font-size:24px;line-height:1.25;margin:36px 0 14px;letter-spacing:-.01em;color:#1a1a1a;font-weight:800;\">Djokovic au plus bas, mais toujours redoutable<\/h2>\n<p style=\"font-size:16.5px;line-height:1.7;color:#2a2a2a;margin:0 0 16px;\">\u00c0 <strong>39 ans<\/strong>, <strong>Novak Djokovic<\/strong> n&rsquo;est plus que t\u00eate de s\u00e9rie n\u00b07, son plus bas classement parmi les t\u00eates de s\u00e9rie d&rsquo;un Grand Chelem depuis Wimbledon 2018. Son \u00e9limination pr\u00e9coce \u00e0 Roland-Garros explique cette chute au classement ATP.<\/p>\n<p style=\"font-size:16.5px;line-height:1.7;color:#2a2a2a;margin:0 0 16px;\">Le Serbe, sept fois titr\u00e9 sur le gazon londonien, reste n\u00e9anmoins un \u00e9pouvantail pour tous ses adversaires. Son rang inhabituel l&rsquo;expose toutefois \u00e0 des affrontements pr\u00e9coces avec d&rsquo;autres favoris, ce qui rendra son chemin potentiellement plus p\u00e9rilleux que d&rsquo;ordinaire.<\/p>\n<h2 style=\"font-size:24px;line-height:1.25;margin:36px 0 14px;letter-spacing:-.01em;color:#1a1a1a;font-weight:800;\">Treize Fran\u00e7ais au tableau final : un record<\/h2>\n<p style=\"font-size:16.5px;line-height:1.7;color:#2a2a2a;margin:0 0 16px;\">C&rsquo;est l&rsquo;autre grande information de cette \u00e9dition : la d\u00e9l\u00e9gation tricolore atteint un total <strong>record de 13 joueuses et joueurs<\/strong> dans le tableau final, cons\u00e9quence d&rsquo;une cascade de forfaits qui a permis l&rsquo;int\u00e9gration directe de plusieurs Fran\u00e7ais.<\/p>\n<p style=\"font-size:16.5px;line-height:1.7;color:#2a2a2a;margin:0 0 16px;\">Trois d&rsquo;entre eux figurent parmi les 32 t\u00eates de s\u00e9rie du tableau masculin : <strong>Arthur Fils<\/strong> (n\u00b020), <strong>Arthur Rinderknech<\/strong> (n\u00b025) et <strong>Ugo Humbert<\/strong> (n\u00b030). Une pr\u00e9sence fran\u00e7aise prot\u00e9g\u00e9e comme on en voit rarement \u00e0 ce niveau.<\/p>\n<ul style=\"margin:6px 0 18px;padding:0;list-style:none;font-size:16px;\">\n<li style=\"margin:0 0 8px;padding-left:26px;position:relative;line-height:1.55;color:#2a2a2a;\"><span style=\"position:absolute;left:0;top:1px;color:#15803D;font-weight:800;\">\u2713<\/span>Arthur Fils \u2014 t\u00eate de s\u00e9rie n\u00b020<\/li>\n<li style=\"margin:0 0 8px;padding-left:26px;position:relative;line-height:1.55;color:#2a2a2a;\"><span style=\"position:absolute;left:0;top:1px;color:#15803D;font-weight:800;\">\u2713<\/span>Arthur Rinderknech \u2014 t\u00eate de s\u00e9rie n\u00b025<\/li>\n<li style=\"margin:0 0 8px;padding-left:26px;position:relative;line-height:1.55;color:#2a2a2a;\"><span style=\"position:absolute;left:0;top:1px;color:#15803D;font-weight:800;\">\u2713<\/span>Ugo Humbert \u2014 t\u00eate de s\u00e9rie n\u00b030<\/li>\n<li style=\"margin:0 0 8px;padding-left:26px;position:relative;line-height:1.55;color:#2a2a2a;\"><span style=\"position:absolute;left:0;top:1px;color:#15803D;font-weight:800;\">\u2713<\/span>13 Tricolores au total dans le tableau final<\/li>\n<\/ul>\n<h2 style=\"font-size:24px;line-height:1.25;margin:36px 0 14px;letter-spacing:-.01em;color:#1a1a1a;font-weight:800;\">Dotation record et tirage imminent<\/h2>\n<p style=\"font-size:16.5px;line-height:1.7;color:#2a2a2a;margin:0 0 16px;\">Sur le plan financier, Wimbledon 2026 frappe fort. La dotation totale grimpe \u00e0 <strong>64,<strong>2 millions<\/strong> de livres<\/strong>, soit une hausse de <strong>20 %<\/strong> par rapport \u00e0 2025 \u2014 la plus forte progression annuelle de l&rsquo;histoire du tournoi. Chaque champion en simple repartira avec un ch\u00e8que de <strong>3,<strong>6 millions<\/strong> de livres<\/strong>.<\/p>\n<p style=\"font-size:16.5px;line-height:1.7;color:#2a2a2a;margin:0 0 16px;\">C\u00f4t\u00e9 f\u00e9minin, <strong>Aryna Sabalenka<\/strong> est assur\u00e9e du statut de t\u00eate de s\u00e9rie n\u00b01, tandis que <strong>Iga Swiatek<\/strong>, tenante du titre, m\u00e8ne la d\u00e9fense de sa couronne. Le tirage au sort complet est programm\u00e9 pour le <strong>vendredi 26 juin<\/strong>, avant l&rsquo;entr\u00e9e en lice des 128 joueurs et joueuses d\u00e8s le lundi 29 juin.<\/p>\n<div style=\"background:#1a1a1a;border-radius:14px;padding:22px 26px;margin:30px 0 8px;font-family:-apple-system,BlinkMacSystemFont,'Segoe UI',Roboto,sans-serif;\">\n<div style=\"font-size:12px;font-weight:800;letter-spacing:.16em;text-transform:uppercase;color:#15803D;margin-bottom:8px;\">\ud83c\udfaf \u00c0 retenir<\/div>\n<div style=\"font-size:17px;line-height:1.6;color:#f0f0f0;\">Forfait d&rsquo;Alcaraz, Sinner favori, Djokovic en embuscade et un record de 13 Fran\u00e7ais : Wimbledon 2026 s&rsquo;annonce comme une \u00e9dition pleine de promesses pour le tennis tricolore.<\/div>\n<\/div>\n","protected":false},"excerpt":{"rendered":"","protected":false},"author":44,"featured_media":7676,"comment_status":"open","ping_status":"open","sticky":false,"template":"","format":"standard","meta":{"_acf_changed":false,"manual_indexmenow":false,"indexmenow_id_project":0,"footnotes":""},"categories":[4520],"tags":[],"class_list":["post-7675","post","type-post","status-publish","format-standard","has-post-thumbnail","hentry","category-actualites-tennis","generate-columns","tablet-grid-50","mobile-grid-100","grid-parent","grid-25"],"acf":[],"yoast_head":"<!-- This site is optimized with the Yoast SEO Premium plugin v21.3 (Yoast SEO v26.5) - https:\/\/yoast.com\/wordpress\/plugins\/seo\/ -->\n<title>Wimbledon 2026 : Alcaraz forfait, 13 Fran\u00e7ais<\/title>\n<meta name=\"description\" content=\"Wimbledon 2026 : Alcaraz forfait, Djokovic rel\u00e9gu\u00e9 et un record de Fran\u00e7ais au tableau. Tout sur le tirage du Grand Chelem.\" \/>\n<meta name=\"robots\" content=\"index, follow, max-snippet:-1, max-image-preview:large, max-video-preview:-1\" \/>\n<link rel=\"canonical\" href=\"https:\/\/tennis51.fr\/blog\/actualites-tennis\/wimbledon-2026-alcaraz-forfait-djokovic-relegue-et-un-record-de-13-fra\/\" \/>\n<meta property=\"og:locale\" content=\"fr_FR\" \/>\n<meta property=\"og:type\" content=\"article\" \/>\n<meta property=\"og:title\" content=\"Wimbledon 2026 : Alcaraz forfait, 13 Fran\u00e7ais\" \/>\n<meta property=\"og:description\" content=\"Wimbledon 2026 : Alcaraz forfait, Djokovic rel\u00e9gu\u00e9 et un record de Fran\u00e7ais au tableau. Tout sur le tirage du Grand Chelem.\" \/>\n<meta property=\"og:url\" content=\"https:\/\/tennis51.fr\/blog\/actualites-tennis\/wimbledon-2026-alcaraz-forfait-djokovic-relegue-et-un-record-de-13-fra\/\" \/>\n<meta property=\"og:site_name\" content=\"tennis51\" \/>\n<meta property=\"og:image\" content=\"https:\/\/tennis51.fr\/blog\/wp-content\/uploads\/2026\/06\/tn_feat-scaled.jpg\" \/>\n\t<meta property=\"og:image:width\" content=\"1200\" \/>\n\t<meta property=\"og:image:height\" content=\"900\" \/>\n\t<meta property=\"og:image:type\" content=\"image\/jpeg\" \/>\n<meta name=\"author\" content=\"Julien Martin.1\" \/>\n<meta name=\"twitter:card\" content=\"summary_large_image\" \/>\n<script type=\"application\/ld+json\" class=\"yoast-schema-graph\">{\"@context\":\"https:\/\/schema.org\",\"@graph\":[{\"@type\":\"NewsArticle\",\"@id\":\"https:\/\/tennis51.fr\/blog\/actualites-tennis\/wimbledon-2026-alcaraz-forfait-djokovic-relegue-et-un-record-de-13-fra\/#article\",\"isPartOf\":{\"@id\":\"https:\/\/tennis51.fr\/blog\/actualites-tennis\/wimbledon-2026-alcaraz-forfait-djokovic-relegue-et-un-record-de-13-fra\/\"},\"author\":{\"name\":\"Julien Martin.1\",\"@id\":\"https:\/\/tennis51.fr\/blog\/#\/schema\/person\/f3c33bc6556b8d628010502c1fe2cfba\"},\"headline\":\"Wimbledon 2026 : Alcaraz forfait, Djokovic rel\u00e9gu\u00e9 et un record de 13 Fran\u00e7ais au tableau\",\"datePublished\":\"2026-06-25T08:07:55+00:00\",\"mainEntityOfPage\":{\"@id\":\"https:\/\/tennis51.fr\/blog\/actualites-tennis\/wimbledon-2026-alcaraz-forfait-djokovic-relegue-et-un-record-de-13-fra\/\"},\"wordCount\":736,\"commentCount\":0,\"publisher\":{\"@id\":\"https:\/\/tennis51.fr\/blog\/#organization\"},\"image\":{\"@id\":\"https:\/\/tennis51.fr\/blog\/actualites-tennis\/wimbledon-2026-alcaraz-forfait-djokovic-relegue-et-un-record-de-13-fra\/#primaryimage\"},\"thumbnailUrl\":\"https:\/\/tennis51.fr\/blog\/wp-content\/uploads\/2026\/06\/tn_feat-scaled.jpg\",\"articleSection\":[\"Actualit\u00e9s Tennis\"],\"inLanguage\":\"fr-FR\",\"potentialAction\":[{\"@type\":\"CommentAction\",\"name\":\"Comment\",\"target\":[\"https:\/\/tennis51.fr\/blog\/actualites-tennis\/wimbledon-2026-alcaraz-forfait-djokovic-relegue-et-un-record-de-13-fra\/#respond\"]}]},{\"@type\":\"WebPage\",\"@id\":\"https:\/\/tennis51.fr\/blog\/actualites-tennis\/wimbledon-2026-alcaraz-forfait-djokovic-relegue-et-un-record-de-13-fra\/\",\"url\":\"https:\/\/tennis51.fr\/blog\/actualites-tennis\/wimbledon-2026-alcaraz-forfait-djokovic-relegue-et-un-record-de-13-fra\/\",\"name\":\"Wimbledon 2026 : Alcaraz forfait, 13 Fran\u00e7ais\",\"isPartOf\":{\"@id\":\"https:\/\/tennis51.fr\/blog\/#website\"},\"primaryImageOfPage\":{\"@id\":\"https:\/\/tennis51.fr\/blog\/actualites-tennis\/wimbledon-2026-alcaraz-forfait-djokovic-relegue-et-un-record-de-13-fra\/#primaryimage\"},\"image\":{\"@id\":\"https:\/\/tennis51.fr\/blog\/actualites-tennis\/wimbledon-2026-alcaraz-forfait-djokovic-relegue-et-un-record-de-13-fra\/#primaryimage\"},\"thumbnailUrl\":\"https:\/\/tennis51.fr\/blog\/wp-content\/uploads\/2026\/06\/tn_feat-scaled.jpg\",\"datePublished\":\"2026-06-25T08:07:55+00:00\",\"description\":\"Wimbledon 2026 : Alcaraz forfait, Djokovic rel\u00e9gu\u00e9 et un record de Fran\u00e7ais au tableau. Tout sur le tirage du Grand Chelem.\",\"inLanguage\":\"fr-FR\",\"potentialAction\":[{\"@type\":\"ReadAction\",\"target\":[\"https:\/\/tennis51.fr\/blog\/actualites-tennis\/wimbledon-2026-alcaraz-forfait-djokovic-relegue-et-un-record-de-13-fra\/\"]}]},{\"@type\":\"ImageObject\",\"inLanguage\":\"fr-FR\",\"@id\":\"https:\/\/tennis51.fr\/blog\/actualites-tennis\/wimbledon-2026-alcaraz-forfait-djokovic-relegue-et-un-record-de-13-fra\/#primaryimage\",\"url\":\"https:\/\/tennis51.fr\/blog\/wp-content\/uploads\/2026\/06\/tn_feat-scaled.jpg\",\"contentUrl\":\"https:\/\/tennis51.fr\/blog\/wp-content\/uploads\/2026\/06\/tn_feat-scaled.jpg\",\"width\":1200,\"height\":900},{\"@type\":\"WebSite\",\"@id\":\"https:\/\/tennis51.fr\/blog\/#website\",\"url\":\"https:\/\/tennis51.fr\/blog\/\",\"name\":\"Tennis 51\",\"description\":\"Tennis 51, le service gagnant sur le court\",\"publisher\":{\"@id\":\"https:\/\/tennis51.fr\/blog\/#organization\"},\"alternateName\":\"Tennis 51, le service gagnant sur le court\",\"potentialAction\":[{\"@type\":\"SearchAction\",\"target\":{\"@type\":\"EntryPoint\",\"urlTemplate\":\"https:\/\/tennis51.fr\/blog\/?s={search_term_string}\"},\"query-input\":{\"@type\":\"PropertyValueSpecification\",\"valueRequired\":true,\"valueName\":\"search_term_string\"}}],\"inLanguage\":\"fr-FR\"},{\"@type\":\"Organization\",\"@id\":\"https:\/\/tennis51.fr\/blog\/#organization\",\"name\":\"Tennis 51\",\"alternateName\":\"Tennis51\",\"url\":\"https:\/\/tennis51.fr\/blog\/\",\"logo\":{\"@type\":\"ImageObject\",\"inLanguage\":\"fr-FR\",\"@id\":\"https:\/\/tennis51.fr\/blog\/#\/schema\/logo\/image\/\",\"url\":\"https:\/\/tennis51.fr\/blog\/wp-content\/uploads\/2024\/12\/40.png\",\"contentUrl\":\"https:\/\/tennis51.fr\/blog\/wp-content\/uploads\/2024\/12\/40.png\",\"width\":500,\"height\":500,\"caption\":\"Tennis 51\"},\"image\":{\"@id\":\"https:\/\/tennis51.fr\/blog\/#\/schema\/logo\/image\/\"}},{\"@type\":\"Person\",\"@id\":\"https:\/\/tennis51.fr\/blog\/#\/schema\/person\/f3c33bc6556b8d628010502c1fe2cfba\",\"name\":\"Julien Martin.1\",\"image\":{\"@type\":\"ImageObject\",\"inLanguage\":\"fr-FR\",\"@id\":\"https:\/\/tennis51.fr\/blog\/#\/schema\/person\/image\/\",\"url\":\"https:\/\/secure.gravatar.com\/avatar\/?s=96&d=mm&r=g\",\"contentUrl\":\"https:\/\/secure.gravatar.com\/avatar\/?s=96&d=mm&r=g\",\"caption\":\"Julien Martin.1\"},\"description\":\"Journaliste sportif sp\u00e9cialis\u00e9 dans le tennis, couvrant les actualit\u00e9s, r\u00e9sultats et interviews.\",\"url\":\"https:\/\/tennis51.fr\/blog\/auteur\/julien-martin-1\/\"}]}<\/script>\n<!-- \/ Yoast SEO Premium plugin. -->","yoast_head_json":{"title":"Wimbledon 2026 : Alcaraz forfait, 13 Fran\u00e7ais","description":"Wimbledon 2026 : Alcaraz forfait, Djokovic rel\u00e9gu\u00e9 et un record de Fran\u00e7ais au tableau. Tout sur le tirage du Grand Chelem.","robots":{"index":"index","follow":"follow","max-snippet":"max-snippet:-1","max-image-preview":"max-image-preview:large","max-video-preview":"max-video-preview:-1"},"canonical":"https:\/\/tennis51.fr\/blog\/actualites-tennis\/wimbledon-2026-alcaraz-forfait-djokovic-relegue-et-un-record-de-13-fra\/","og_locale":"fr_FR","og_type":"article","og_title":"Wimbledon 2026 : Alcaraz forfait, 13 Fran\u00e7ais","og_description":"Wimbledon 2026 : Alcaraz forfait, Djokovic rel\u00e9gu\u00e9 et un record de Fran\u00e7ais au tableau. Tout sur le tirage du Grand Chelem.","og_url":"https:\/\/tennis51.fr\/blog\/actualites-tennis\/wimbledon-2026-alcaraz-forfait-djokovic-relegue-et-un-record-de-13-fra\/","og_site_name":"tennis51","og_image":[{"width":1200,"height":900,"url":"https:\/\/tennis51.fr\/blog\/wp-content\/uploads\/2026\/06\/tn_feat-scaled.jpg","type":"image\/jpeg"}],"author":"Julien Martin.1","twitter_card":"summary_large_image","schema":{"@context":"https:\/\/schema.org","@graph":[{"@type":"NewsArticle","@id":"https:\/\/tennis51.fr\/blog\/actualites-tennis\/wimbledon-2026-alcaraz-forfait-djokovic-relegue-et-un-record-de-13-fra\/#article","isPartOf":{"@id":"https:\/\/tennis51.fr\/blog\/actualites-tennis\/wimbledon-2026-alcaraz-forfait-djokovic-relegue-et-un-record-de-13-fra\/"},"author":{"name":"Julien Martin.1","@id":"https:\/\/tennis51.fr\/blog\/#\/schema\/person\/f3c33bc6556b8d628010502c1fe2cfba"},"headline":"Wimbledon 2026 : Alcaraz forfait, Djokovic rel\u00e9gu\u00e9 et un record de 13 Fran\u00e7ais au tableau","datePublished":"2026-06-25T08:07:55+00:00","mainEntityOfPage":{"@id":"https:\/\/tennis51.fr\/blog\/actualites-tennis\/wimbledon-2026-alcaraz-forfait-djokovic-relegue-et-un-record-de-13-fra\/"},"wordCount":736,"commentCount":0,"publisher":{"@id":"https:\/\/tennis51.fr\/blog\/#organization"},"image":{"@id":"https:\/\/tennis51.fr\/blog\/actualites-tennis\/wimbledon-2026-alcaraz-forfait-djokovic-relegue-et-un-record-de-13-fra\/#primaryimage"},"thumbnailUrl":"https:\/\/tennis51.fr\/blog\/wp-content\/uploads\/2026\/06\/tn_feat-scaled.jpg","articleSection":["Actualit\u00e9s Tennis"],"inLanguage":"fr-FR","potentialAction":[{"@type":"CommentAction","name":"Comment","target":["https:\/\/tennis51.fr\/blog\/actualites-tennis\/wimbledon-2026-alcaraz-forfait-djokovic-relegue-et-un-record-de-13-fra\/#respond"]}]},{"@type":"WebPage","@id":"https:\/\/tennis51.fr\/blog\/actualites-tennis\/wimbledon-2026-alcaraz-forfait-djokovic-relegue-et-un-record-de-13-fra\/","url":"https:\/\/tennis51.fr\/blog\/actualites-tennis\/wimbledon-2026-alcaraz-forfait-djokovic-relegue-et-un-record-de-13-fra\/","name":"Wimbledon 2026 : Alcaraz forfait, 13 Fran\u00e7ais","isPartOf":{"@id":"https:\/\/tennis51.fr\/blog\/#website"},"primaryImageOfPage":{"@id":"https:\/\/tennis51.fr\/blog\/actualites-tennis\/wimbledon-2026-alcaraz-forfait-djokovic-relegue-et-un-record-de-13-fra\/#primaryimage"},"image":{"@id":"https:\/\/tennis51.fr\/blog\/actualites-tennis\/wimbledon-2026-alcaraz-forfait-djokovic-relegue-et-un-record-de-13-fra\/#primaryimage"},"thumbnailUrl":"https:\/\/tennis51.fr\/blog\/wp-content\/uploads\/2026\/06\/tn_feat-scaled.jpg","datePublished":"2026-06-25T08:07:55+00:00","description":"Wimbledon 2026 : Alcaraz forfait, Djokovic rel\u00e9gu\u00e9 et un record de Fran\u00e7ais au tableau. Tout sur le tirage du Grand Chelem.","inLanguage":"fr-FR","potentialAction":[{"@type":"ReadAction","target":["https:\/\/tennis51.fr\/blog\/actualites-tennis\/wimbledon-2026-alcaraz-forfait-djokovic-relegue-et-un-record-de-13-fra\/"]}]},{"@type":"ImageObject","inLanguage":"fr-FR","@id":"https:\/\/tennis51.fr\/blog\/actualites-tennis\/wimbledon-2026-alcaraz-forfait-djokovic-relegue-et-un-record-de-13-fra\/#primaryimage","url":"https:\/\/tennis51.fr\/blog\/wp-content\/uploads\/2026\/06\/tn_feat-scaled.jpg","contentUrl":"https:\/\/tennis51.fr\/blog\/wp-content\/uploads\/2026\/06\/tn_feat-scaled.jpg","width":1200,"height":900},{"@type":"WebSite","@id":"https:\/\/tennis51.fr\/blog\/#website","url":"https:\/\/tennis51.fr\/blog\/","name":"Tennis 51","description":"Tennis 51, le service gagnant sur le court","publisher":{"@id":"https:\/\/tennis51.fr\/blog\/#organization"},"alternateName":"Tennis 51, le service gagnant sur le court","potentialAction":[{"@type":"SearchAction","target":{"@type":"EntryPoint","urlTemplate":"https:\/\/tennis51.fr\/blog\/?s={search_term_string}"},"query-input":{"@type":"PropertyValueSpecification","valueRequired":true,"valueName":"search_term_string"}}],"inLanguage":"fr-FR"},{"@type":"Organization","@id":"https:\/\/tennis51.fr\/blog\/#organization","name":"Tennis 51","alternateName":"Tennis51","url":"https:\/\/tennis51.fr\/blog\/","logo":{"@type":"ImageObject","inLanguage":"fr-FR","@id":"https:\/\/tennis51.fr\/blog\/#\/schema\/logo\/image\/","url":"https:\/\/tennis51.fr\/blog\/wp-content\/uploads\/2024\/12\/40.png","contentUrl":"https:\/\/tennis51.fr\/blog\/wp-content\/uploads\/2024\/12\/40.png","width":500,"height":500,"caption":"Tennis 51"},"image":{"@id":"https:\/\/tennis51.fr\/blog\/#\/schema\/logo\/image\/"}},{"@type":"Person","@id":"https:\/\/tennis51.fr\/blog\/#\/schema\/person\/f3c33bc6556b8d628010502c1fe2cfba","name":"Julien Martin.1","image":{"@type":"ImageObject","inLanguage":"fr-FR","@id":"https:\/\/tennis51.fr\/blog\/#\/schema\/person\/image\/","url":"https:\/\/secure.gravatar.com\/avatar\/?s=96&d=mm&r=g","contentUrl":"https:\/\/secure.gravatar.com\/avatar\/?s=96&d=mm&r=g","caption":"Julien Martin.1"},"description":"Journaliste sportif sp\u00e9cialis\u00e9 dans le tennis, couvrant les actualit\u00e9s, r\u00e9sultats et interviews.","url":"https:\/\/tennis51.fr\/blog\/auteur\/julien-martin-1\/"}]}},"_links":{"self":[{"href":"https:\/\/tennis51.fr\/blog\/wp-json\/wp\/v2\/posts\/7675","targetHints":{"allow":["GET"]}}],"collection":[{"href":"https:\/\/tennis51.fr\/blog\/wp-json\/wp\/v2\/posts"}],"about":[{"href":"https:\/\/tennis51.fr\/blog\/wp-json\/wp\/v2\/types\/post"}],"author":[{"embeddable":true,"href":"https:\/\/tennis51.fr\/blog\/wp-json\/wp\/v2\/users\/44"}],"replies":[{"embeddable":true,"href":"https:\/\/tennis51.fr\/blog\/wp-json\/wp\/v2\/comments?post=7675"}],"version-history":[{"count":0,"href":"https:\/\/tennis51.fr\/blog\/wp-json\/wp\/v2\/posts\/7675\/revisions"}],"wp:featuredmedia":[{"embeddable":true,"href":"https:\/\/tennis51.fr\/blog\/wp-json\/wp\/v2\/media\/7676"}],"wp:attachment":[{"href":"https:\/\/tennis51.fr\/blog\/wp-json\/wp\/v2\/media?parent=7675"}],"wp:term":[{"taxonomy":"category","embeddable":true,"href":"https:\/\/tennis51.fr\/blog\/wp-json\/wp\/v2\/categories?post=7675"},{"taxonomy":"post_tag","embeddable":true,"href":"https:\/\/tennis51.fr\/blog\/wp-json\/wp\/v2\/tags?post=7675"}],"curies":[{"name":"wp","href":"https:\/\/api.w.org\/{rel}","templated":true}]}}