{"id":7648,"date":"2026-06-14T17:18:52","date_gmt":"2026-06-14T15:18:52","guid":{"rendered":"https:\/\/tennis51.fr\/blog\/actualites-tennis\/roland-garros-2026-zverev-et-andreeva-sacres-place-a-la-saison-sur-gaz\/"},"modified":"2026-06-14T17:18:52","modified_gmt":"2026-06-14T15:18:52","slug":"roland-garros-2026-zverev-et-andreeva-sacres-place-a-la-saison-sur-gaz","status":"publish","type":"post","link":"https:\/\/tennis51.fr\/blog\/actualites-tennis\/roland-garros-2026-zverev-et-andreeva-sacres-place-a-la-saison-sur-gaz\/","title":{"rendered":"Roland-Garros 2026 : Zverev et Andreeva sacr\u00e9s, place \u00e0 la saison sur gazon"},"content":{"rendered":"<p>L&rsquo;\u00e9dition 2026 de Roland-Garros (24 mai-7 juin) restera dans les m\u00e9moires. Alexander Zverev y a d\u00e9croch\u00e9 son tout premier titre du Grand Chelem, tandis que Mirra Andreeva s&rsquo;est impos\u00e9e chez les dames. Retour sur la quinzaine parisienne et cap sur le gazon, avec Wimbledon en ligne de mire.<\/p>\n<aside style=\"background:#E7F3EC;border-left:5px solid #15803D;padding:22px 28px;margin:24px 0;font-family:-apple-system,BlinkMacSystemFont,'Segoe UI',Roboto,sans-serif;\">\n<div style=\"margin:0;font-size:19px;line-height:1.55;color:#2a2a2a;font-weight:500;letter-spacing:-0.005em;\">Zverev bat Cobolli en finale pour son 1er Grand Chelem ; Andreeva s&rsquo;offre le titre dames face \u00e0 Chwalinska. Sensation du tournoi : Cer\u00fandolo \u00e9limine le n\u00b01 mondial Sinner apr\u00e8s avoir \u00e9t\u00e9 men\u00e9 deux sets \u00e0 z\u00e9ro.<\/div>\n<\/aside>\n<h2 style=\"font-size:25px;line-height:1.25;margin:34px 0 14px;letter-spacing:-0.01em;color:#1a1a1a;\">Une quinzaine pleine de rebondissements<\/h2>\n<p>Longtemps attendu au sommet, Alexander Zverev a enfin converti l&rsquo;essai en s&rsquo;imposant Porte d&rsquo;Auteuil, signant son premier sacre majeur face \u00e0 Flavio Cobolli. Chez les dames, la jeune Mirra Andreeva confirme tout son potentiel en remportant le titre.<\/p>\n<p>C\u00f4t\u00e9 surprises, Juan Manuel Cer\u00fandolo a sorti le n\u00b01 mondial Jannik Sinner d\u00e8s le 2e tour, apr\u00e8s un sc\u00e9nario fou (men\u00e9 deux sets \u00e0 rien et 5-1). Sinner, depuis, a pass\u00e9 des examens m\u00e9dicaux rassurants.<\/p>\n<h2 style=\"font-size:25px;line-height:1.25;margin:34px 0 14px;letter-spacing:-0.01em;color:#1a1a1a;\">Cap sur le gazon<\/h2>\n<p>La transition vers le gazon est lanc\u00e9e : Stuttgart et s&rsquo;Hertogenbosch (8-14 juin), puis Halle, Berlin et Nottingham (15-21 juin) pr\u00e9parent le terrain.<\/p>\n<p>Point d&rsquo;orgue : Wimbledon, qui d\u00e9bute le 28 juin. De quoi rebattre les cartes du classement avant l&rsquo;\u00e9t\u00e9.<\/p>\n<aside style=\"background:#1a1a1a;padding:24px 28px;margin:30px 0;border-radius:10px;font-family:-apple-system,BlinkMacSystemFont,'Segoe UI',Roboto,sans-serif;\">\n<div style=\"font-size:12px;letter-spacing:.18em;text-transform:uppercase;color:#15803D;font-weight:700;margin-bottom:8px;\">\u00c0 retenir<\/div>\n<div style=\"font-size:17px;line-height:1.6;color:#f0f0f0;\">Roland-Garros 2026 : 1er Grand Chelem pour Zverev, sacre d&rsquo;Andreeva, et Sinner sorti par Cer\u00fandolo. Direction Wimbledon le 28 juin.<\/div>\n<\/aside>\n","protected":false},"excerpt":{"rendered":"","protected":false},"author":41,"featured_media":7649,"comment_status":"open","ping_status":"open","sticky":false,"template":"","format":"standard","meta":{"_acf_changed":false,"manual_indexmenow":false,"indexmenow_id_project":0,"footnotes":""},"categories":[4520],"tags":[],"class_list":["post-7648","post","type-post","status-publish","format-standard","has-post-thumbnail","hentry","category-actualites-tennis","generate-columns","tablet-grid-50","mobile-grid-100","grid-parent","grid-25"],"acf":[],"yoast_head":"<!-- This site is optimized with the Yoast SEO Premium plugin v21.3 (Yoast SEO v26.5) - https:\/\/yoast.com\/wordpress\/plugins\/seo\/ -->\n<title>Roland-Garros 2026 : Zverev et Andreeva sacr\u00e9s<\/title>\n<meta name=\"description\" content=\"Roland-Garros 2026 : Zverev et Andreeva sacr\u00e9s. Retour sur les finales et place \u00e0 la saison sur gazon avant Wimbledon.\" \/>\n<meta name=\"robots\" content=\"index, follow, max-snippet:-1, max-image-preview:large, max-video-preview:-1\" \/>\n<link rel=\"canonical\" href=\"https:\/\/tennis51.fr\/blog\/actualites-tennis\/roland-garros-2026-zverev-et-andreeva-sacres-place-a-la-saison-sur-gaz\/\" \/>\n<meta property=\"og:locale\" content=\"fr_FR\" \/>\n<meta property=\"og:type\" content=\"article\" \/>\n<meta property=\"og:title\" content=\"Roland-Garros 2026 : Zverev et Andreeva sacr\u00e9s\" \/>\n<meta property=\"og:description\" content=\"Roland-Garros 2026 : Zverev et Andreeva sacr\u00e9s. Retour sur les finales et place \u00e0 la saison sur gazon avant Wimbledon.\" \/>\n<meta property=\"og:url\" content=\"https:\/\/tennis51.fr\/blog\/actualites-tennis\/roland-garros-2026-zverev-et-andreeva-sacres-place-a-la-saison-sur-gaz\/\" \/>\n<meta property=\"og:site_name\" content=\"tennis51\" \/>\n<meta property=\"og:image\" content=\"https:\/\/tennis51.fr\/blog\/wp-content\/uploads\/2026\/06\/ps_7648-scaled.jpg\" \/>\n\t<meta property=\"og:image:width\" content=\"1200\" \/>\n\t<meta property=\"og:image:height\" content=\"675\" \/>\n\t<meta property=\"og:image:type\" content=\"image\/jpeg\" \/>\n<meta name=\"author\" content=\"Antoine Bernard\" \/>\n<meta name=\"twitter:card\" content=\"summary_large_image\" \/>\n<script type=\"application\/ld+json\" class=\"yoast-schema-graph\">{\"@context\":\"https:\/\/schema.org\",\"@graph\":[{\"@type\":\"NewsArticle\",\"@id\":\"https:\/\/tennis51.fr\/blog\/actualites-tennis\/roland-garros-2026-zverev-et-andreeva-sacres-place-a-la-saison-sur-gaz\/#article\",\"isPartOf\":{\"@id\":\"https:\/\/tennis51.fr\/blog\/actualites-tennis\/roland-garros-2026-zverev-et-andreeva-sacres-place-a-la-saison-sur-gaz\/\"},\"author\":{\"name\":\"Antoine Bernard\",\"@id\":\"https:\/\/tennis51.fr\/blog\/#\/schema\/person\/44426045f6d04c1519cfa471757b400f\"},\"headline\":\"Roland-Garros 2026 : Zverev et Andreeva sacr\u00e9s, place \u00e0 la saison sur gazon\",\"datePublished\":\"2026-06-14T15:18:52+00:00\",\"mainEntityOfPage\":{\"@id\":\"https:\/\/tennis51.fr\/blog\/actualites-tennis\/roland-garros-2026-zverev-et-andreeva-sacres-place-a-la-saison-sur-gaz\/\"},\"wordCount\":252,\"commentCount\":0,\"publisher\":{\"@id\":\"https:\/\/tennis51.fr\/blog\/#organization\"},\"image\":{\"@id\":\"https:\/\/tennis51.fr\/blog\/actualites-tennis\/roland-garros-2026-zverev-et-andreeva-sacres-place-a-la-saison-sur-gaz\/#primaryimage\"},\"thumbnailUrl\":\"https:\/\/tennis51.fr\/blog\/wp-content\/uploads\/2026\/06\/ps_7648-scaled.jpg\",\"articleSection\":[\"Actualit\u00e9s Tennis\"],\"inLanguage\":\"fr-FR\",\"potentialAction\":[{\"@type\":\"CommentAction\",\"name\":\"Comment\",\"target\":[\"https:\/\/tennis51.fr\/blog\/actualites-tennis\/roland-garros-2026-zverev-et-andreeva-sacres-place-a-la-saison-sur-gaz\/#respond\"]}]},{\"@type\":\"WebPage\",\"@id\":\"https:\/\/tennis51.fr\/blog\/actualites-tennis\/roland-garros-2026-zverev-et-andreeva-sacres-place-a-la-saison-sur-gaz\/\",\"url\":\"https:\/\/tennis51.fr\/blog\/actualites-tennis\/roland-garros-2026-zverev-et-andreeva-sacres-place-a-la-saison-sur-gaz\/\",\"name\":\"Roland-Garros 2026 : Zverev et Andreeva sacr\u00e9s\",\"isPartOf\":{\"@id\":\"https:\/\/tennis51.fr\/blog\/#website\"},\"primaryImageOfPage\":{\"@id\":\"https:\/\/tennis51.fr\/blog\/actualites-tennis\/roland-garros-2026-zverev-et-andreeva-sacres-place-a-la-saison-sur-gaz\/#primaryimage\"},\"image\":{\"@id\":\"https:\/\/tennis51.fr\/blog\/actualites-tennis\/roland-garros-2026-zverev-et-andreeva-sacres-place-a-la-saison-sur-gaz\/#primaryimage\"},\"thumbnailUrl\":\"https:\/\/tennis51.fr\/blog\/wp-content\/uploads\/2026\/06\/ps_7648-scaled.jpg\",\"datePublished\":\"2026-06-14T15:18:52+00:00\",\"description\":\"Roland-Garros 2026 : Zverev et Andreeva sacr\u00e9s. Retour sur les finales et place \u00e0 la saison sur gazon avant Wimbledon.\",\"inLanguage\":\"fr-FR\",\"potentialAction\":[{\"@type\":\"ReadAction\",\"target\":[\"https:\/\/tennis51.fr\/blog\/actualites-tennis\/roland-garros-2026-zverev-et-andreeva-sacres-place-a-la-saison-sur-gaz\/\"]}]},{\"@type\":\"ImageObject\",\"inLanguage\":\"fr-FR\",\"@id\":\"https:\/\/tennis51.fr\/blog\/actualites-tennis\/roland-garros-2026-zverev-et-andreeva-sacres-place-a-la-saison-sur-gaz\/#primaryimage\",\"url\":\"https:\/\/tennis51.fr\/blog\/wp-content\/uploads\/2026\/06\/ps_7648-scaled.jpg\",\"contentUrl\":\"https:\/\/tennis51.fr\/blog\/wp-content\/uploads\/2026\/06\/ps_7648-scaled.jpg\",\"width\":1200,\"height\":675,\"caption\":\"Close-up view of tennis court's vibrant green surface with white lines\"},{\"@type\":\"WebSite\",\"@id\":\"https:\/\/tennis51.fr\/blog\/#website\",\"url\":\"https:\/\/tennis51.fr\/blog\/\",\"name\":\"Tennis 51\",\"description\":\"Tennis 51, le service gagnant sur le court\",\"publisher\":{\"@id\":\"https:\/\/tennis51.fr\/blog\/#organization\"},\"alternateName\":\"Tennis 51, le service gagnant sur le court\",\"potentialAction\":[{\"@type\":\"SearchAction\",\"target\":{\"@type\":\"EntryPoint\",\"urlTemplate\":\"https:\/\/tennis51.fr\/blog\/?s={search_term_string}\"},\"query-input\":{\"@type\":\"PropertyValueSpecification\",\"valueRequired\":true,\"valueName\":\"search_term_string\"}}],\"inLanguage\":\"fr-FR\"},{\"@type\":\"Organization\",\"@id\":\"https:\/\/tennis51.fr\/blog\/#organization\",\"name\":\"Tennis 51\",\"alternateName\":\"Tennis51\",\"url\":\"https:\/\/tennis51.fr\/blog\/\",\"logo\":{\"@type\":\"ImageObject\",\"inLanguage\":\"fr-FR\",\"@id\":\"https:\/\/tennis51.fr\/blog\/#\/schema\/logo\/image\/\",\"url\":\"https:\/\/tennis51.fr\/blog\/wp-content\/uploads\/2024\/12\/40.png\",\"contentUrl\":\"https:\/\/tennis51.fr\/blog\/wp-content\/uploads\/2024\/12\/40.png\",\"width\":500,\"height\":500,\"caption\":\"Tennis 51\"},\"image\":{\"@id\":\"https:\/\/tennis51.fr\/blog\/#\/schema\/logo\/image\/\"}},{\"@type\":\"Person\",\"@id\":\"https:\/\/tennis51.fr\/blog\/#\/schema\/person\/44426045f6d04c1519cfa471757b400f\",\"name\":\"Antoine Bernard\",\"image\":{\"@type\":\"ImageObject\",\"inLanguage\":\"fr-FR\",\"@id\":\"https:\/\/tennis51.fr\/blog\/#\/schema\/person\/image\/\",\"url\":\"https:\/\/secure.gravatar.com\/avatar\/?s=96&d=mm&r=g\",\"contentUrl\":\"https:\/\/secure.gravatar.com\/avatar\/?s=96&d=mm&r=g\",\"caption\":\"Antoine Bernard\"},\"description\":\"Analyste tactique et fan de statistiques, Antoine propose des analyses d\u00e9taill\u00e9es des grands matchs, des styles de jeu et des performances des joueurs du circuit ATP\/WTA.\",\"sameAs\":[\"https:\/\/bernardantoine.fr\/\"],\"url\":\"https:\/\/tennis51.fr\/blog\/auteur\/antoine-bernard\/\",\"jobTitle\":\"Contributeur m\u00e9canique\",\"email\":\"antoine.bernard@autosmythiques57.fr\"}]}<\/script>\n<!-- \/ Yoast SEO Premium plugin. -->","yoast_head_json":{"title":"Roland-Garros 2026 : Zverev et Andreeva sacr\u00e9s","description":"Roland-Garros 2026 : Zverev et Andreeva sacr\u00e9s. Retour sur les finales et place \u00e0 la saison sur gazon avant Wimbledon.","robots":{"index":"index","follow":"follow","max-snippet":"max-snippet:-1","max-image-preview":"max-image-preview:large","max-video-preview":"max-video-preview:-1"},"canonical":"https:\/\/tennis51.fr\/blog\/actualites-tennis\/roland-garros-2026-zverev-et-andreeva-sacres-place-a-la-saison-sur-gaz\/","og_locale":"fr_FR","og_type":"article","og_title":"Roland-Garros 2026 : Zverev et Andreeva sacr\u00e9s","og_description":"Roland-Garros 2026 : Zverev et Andreeva sacr\u00e9s. Retour sur les finales et place \u00e0 la saison sur gazon avant Wimbledon.","og_url":"https:\/\/tennis51.fr\/blog\/actualites-tennis\/roland-garros-2026-zverev-et-andreeva-sacres-place-a-la-saison-sur-gaz\/","og_site_name":"tennis51","og_image":[{"width":1200,"height":675,"url":"https:\/\/tennis51.fr\/blog\/wp-content\/uploads\/2026\/06\/ps_7648-scaled.jpg","type":"image\/jpeg"}],"author":"Antoine Bernard","twitter_card":"summary_large_image","schema":{"@context":"https:\/\/schema.org","@graph":[{"@type":"NewsArticle","@id":"https:\/\/tennis51.fr\/blog\/actualites-tennis\/roland-garros-2026-zverev-et-andreeva-sacres-place-a-la-saison-sur-gaz\/#article","isPartOf":{"@id":"https:\/\/tennis51.fr\/blog\/actualites-tennis\/roland-garros-2026-zverev-et-andreeva-sacres-place-a-la-saison-sur-gaz\/"},"author":{"name":"Antoine Bernard","@id":"https:\/\/tennis51.fr\/blog\/#\/schema\/person\/44426045f6d04c1519cfa471757b400f"},"headline":"Roland-Garros 2026 : Zverev et Andreeva sacr\u00e9s, place \u00e0 la saison sur gazon","datePublished":"2026-06-14T15:18:52+00:00","mainEntityOfPage":{"@id":"https:\/\/tennis51.fr\/blog\/actualites-tennis\/roland-garros-2026-zverev-et-andreeva-sacres-place-a-la-saison-sur-gaz\/"},"wordCount":252,"commentCount":0,"publisher":{"@id":"https:\/\/tennis51.fr\/blog\/#organization"},"image":{"@id":"https:\/\/tennis51.fr\/blog\/actualites-tennis\/roland-garros-2026-zverev-et-andreeva-sacres-place-a-la-saison-sur-gaz\/#primaryimage"},"thumbnailUrl":"https:\/\/tennis51.fr\/blog\/wp-content\/uploads\/2026\/06\/ps_7648-scaled.jpg","articleSection":["Actualit\u00e9s Tennis"],"inLanguage":"fr-FR","potentialAction":[{"@type":"CommentAction","name":"Comment","target":["https:\/\/tennis51.fr\/blog\/actualites-tennis\/roland-garros-2026-zverev-et-andreeva-sacres-place-a-la-saison-sur-gaz\/#respond"]}]},{"@type":"WebPage","@id":"https:\/\/tennis51.fr\/blog\/actualites-tennis\/roland-garros-2026-zverev-et-andreeva-sacres-place-a-la-saison-sur-gaz\/","url":"https:\/\/tennis51.fr\/blog\/actualites-tennis\/roland-garros-2026-zverev-et-andreeva-sacres-place-a-la-saison-sur-gaz\/","name":"Roland-Garros 2026 : Zverev et Andreeva sacr\u00e9s","isPartOf":{"@id":"https:\/\/tennis51.fr\/blog\/#website"},"primaryImageOfPage":{"@id":"https:\/\/tennis51.fr\/blog\/actualites-tennis\/roland-garros-2026-zverev-et-andreeva-sacres-place-a-la-saison-sur-gaz\/#primaryimage"},"image":{"@id":"https:\/\/tennis51.fr\/blog\/actualites-tennis\/roland-garros-2026-zverev-et-andreeva-sacres-place-a-la-saison-sur-gaz\/#primaryimage"},"thumbnailUrl":"https:\/\/tennis51.fr\/blog\/wp-content\/uploads\/2026\/06\/ps_7648-scaled.jpg","datePublished":"2026-06-14T15:18:52+00:00","description":"Roland-Garros 2026 : Zverev et Andreeva sacr\u00e9s. Retour sur les finales et place \u00e0 la saison sur gazon avant Wimbledon.","inLanguage":"fr-FR","potentialAction":[{"@type":"ReadAction","target":["https:\/\/tennis51.fr\/blog\/actualites-tennis\/roland-garros-2026-zverev-et-andreeva-sacres-place-a-la-saison-sur-gaz\/"]}]},{"@type":"ImageObject","inLanguage":"fr-FR","@id":"https:\/\/tennis51.fr\/blog\/actualites-tennis\/roland-garros-2026-zverev-et-andreeva-sacres-place-a-la-saison-sur-gaz\/#primaryimage","url":"https:\/\/tennis51.fr\/blog\/wp-content\/uploads\/2026\/06\/ps_7648-scaled.jpg","contentUrl":"https:\/\/tennis51.fr\/blog\/wp-content\/uploads\/2026\/06\/ps_7648-scaled.jpg","width":1200,"height":675,"caption":"Close-up view of tennis court's vibrant green surface with white lines"},{"@type":"WebSite","@id":"https:\/\/tennis51.fr\/blog\/#website","url":"https:\/\/tennis51.fr\/blog\/","name":"Tennis 51","description":"Tennis 51, le service gagnant sur le court","publisher":{"@id":"https:\/\/tennis51.fr\/blog\/#organization"},"alternateName":"Tennis 51, le service gagnant sur le court","potentialAction":[{"@type":"SearchAction","target":{"@type":"EntryPoint","urlTemplate":"https:\/\/tennis51.fr\/blog\/?s={search_term_string}"},"query-input":{"@type":"PropertyValueSpecification","valueRequired":true,"valueName":"search_term_string"}}],"inLanguage":"fr-FR"},{"@type":"Organization","@id":"https:\/\/tennis51.fr\/blog\/#organization","name":"Tennis 51","alternateName":"Tennis51","url":"https:\/\/tennis51.fr\/blog\/","logo":{"@type":"ImageObject","inLanguage":"fr-FR","@id":"https:\/\/tennis51.fr\/blog\/#\/schema\/logo\/image\/","url":"https:\/\/tennis51.fr\/blog\/wp-content\/uploads\/2024\/12\/40.png","contentUrl":"https:\/\/tennis51.fr\/blog\/wp-content\/uploads\/2024\/12\/40.png","width":500,"height":500,"caption":"Tennis 51"},"image":{"@id":"https:\/\/tennis51.fr\/blog\/#\/schema\/logo\/image\/"}},{"@type":"Person","@id":"https:\/\/tennis51.fr\/blog\/#\/schema\/person\/44426045f6d04c1519cfa471757b400f","name":"Antoine Bernard","image":{"@type":"ImageObject","inLanguage":"fr-FR","@id":"https:\/\/tennis51.fr\/blog\/#\/schema\/person\/image\/","url":"https:\/\/secure.gravatar.com\/avatar\/?s=96&d=mm&r=g","contentUrl":"https:\/\/secure.gravatar.com\/avatar\/?s=96&d=mm&r=g","caption":"Antoine Bernard"},"description":"Analyste tactique et fan de statistiques, Antoine propose des analyses d\u00e9taill\u00e9es des grands matchs, des styles de jeu et des performances des joueurs du circuit ATP\/WTA.","sameAs":["https:\/\/bernardantoine.fr\/"],"url":"https:\/\/tennis51.fr\/blog\/auteur\/antoine-bernard\/","jobTitle":"Contributeur m\u00e9canique","email":"antoine.bernard@autosmythiques57.fr"}]}},"_links":{"self":[{"href":"https:\/\/tennis51.fr\/blog\/wp-json\/wp\/v2\/posts\/7648","targetHints":{"allow":["GET"]}}],"collection":[{"href":"https:\/\/tennis51.fr\/blog\/wp-json\/wp\/v2\/posts"}],"about":[{"href":"https:\/\/tennis51.fr\/blog\/wp-json\/wp\/v2\/types\/post"}],"author":[{"embeddable":true,"href":"https:\/\/tennis51.fr\/blog\/wp-json\/wp\/v2\/users\/41"}],"replies":[{"embeddable":true,"href":"https:\/\/tennis51.fr\/blog\/wp-json\/wp\/v2\/comments?post=7648"}],"version-history":[{"count":0,"href":"https:\/\/tennis51.fr\/blog\/wp-json\/wp\/v2\/posts\/7648\/revisions"}],"wp:featuredmedia":[{"embeddable":true,"href":"https:\/\/tennis51.fr\/blog\/wp-json\/wp\/v2\/media\/7649"}],"wp:attachment":[{"href":"https:\/\/tennis51.fr\/blog\/wp-json\/wp\/v2\/media?parent=7648"}],"wp:term":[{"taxonomy":"category","embeddable":true,"href":"https:\/\/tennis51.fr\/blog\/wp-json\/wp\/v2\/categories?post=7648"},{"taxonomy":"post_tag","embeddable":true,"href":"https:\/\/tennis51.fr\/blog\/wp-json\/wp\/v2\/tags?post=7648"}],"curies":[{"name":"wp","href":"https:\/\/api.w.org\/{rel}","templated":true}]}}